{"id":12874,"date":"2017-03-20T08:05:02","date_gmt":"2017-03-20T13:05:02","guid":{"rendered":"http:\/\/www.biblia.work\/noticias\/este-es-el-programa-del-viaje-del-papa-francisco-a-fatima\/"},"modified":"2017-03-20T08:05:02","modified_gmt":"2017-03-20T13:05:02","slug":"este-es-el-programa-del-viaje-del-papa-francisco-a-fatima","status":"publish","type":"post","link":"https:\/\/www.biblia.work\/noticias\/este-es-el-programa-del-viaje-del-papa-francisco-a-fatima\/","title":{"rendered":"Este es el programa del viaje del Papa Francisco a F\u00e1tima"},"content":{"rendered":"<p> VATICANO, 20 Mar. 17 (ACI).-<br \/>\n\tLa sala de prensa de la Santa Sede hizo p&uacute;blico el programa del viaje que el Papa Francisco realizar&aacute; a F&aacute;tima, Portugal, del 12 al 13 de mayo de 2017, con motivo de la conmemoraci&oacute;n del centenario de las apariciones de la Virgen Mar&iacute;a en Cova de Ir&iacute;a.<\/p>\n<p style=\"text-align: justify\">\n\tSeg&uacute;n las estimaciones de los organizadores de la visita, que tendr&aacute; por lema &ldquo;Con Mar&iacute;a, peregrino en la esperanza y la paz&rdquo;, y de los actos conmemorativos del centenario, se espera que en esos d&iacute;as lleguen unos 500 mil peregrinos a F&aacute;tima.<\/p>\n<p style=\"text-align: justify\">\n\tEl Pont&iacute;fice llegar&aacute; a Portugal el viernes 12 de mayo a las 16.20. Aterrizar&aacute; en la base a&eacute;rea de Monte Real, donde mantendr&aacute; un Encuentro Privado con el Presidente de la Rep&uacute;blica. Posteriormente rezar&aacute; brevemente en la Capilla de la base a&eacute;rea, desde donde se trasladar&aacute; en helic&oacute;ptero a F&aacute;tima.<\/p>\n<p style=\"text-align: justify\">\n\tA las 18.15 visitar&aacute; Capilla de las Apariciones, frente a la Bas&iacute;lica de Nuestra Se&ntilde;ora del Rosario de F&aacute;tima, y bendecir&aacute; las velas de la Capilla. Luego, el Papa rezar&aacute; el Rosario delante de la imagen de la Virgen.<\/p>\n<p style=\"text-align: justify\">\n\tEl s&aacute;bado 13 de mayo a las 9.10, el Pont&iacute;fice se reunir&aacute; con el Primer Ministro de Portugal. M&aacute;s tarde, a las 9.40, visitar&aacute; la Bas&iacute;lica y a las 10.00 presidir&aacute; la celebraci&oacute;n de la Santa Misa. Al finalizar la Misa, el Papa saludar&aacute; y bendecir&aacute; a los enfermos.<\/p>\n<p style=\"text-align: justify\">\n\tA las 12.30 comer&aacute; con los Obispos de Portugal en la Casa &ldquo;Nuestra Se&ntilde;ora del Carmen&rdquo;. Finalmente, a las 14.45 llegar&aacute; a la base a&eacute;rea de Monte Real donde tendr&aacute; lugar la ceremonia de despedida antes de regresar a Roma.<\/p>\n<p style=\"text-align: justify\">\n\tTambi&eacute;n te puede interesar:<\/p>\n<p style=\"text-align: justify\">\n<p style=\"text-align: justify\">Esta es la oraci\u00f3n por la peregrinaci\u00f3n del Papa Francisco a F\u00e1tima https:\/\/t.co\/cqJOfeNcLg<\/p>\n<p>&mdash; ACI Prensa (@aciprensa) 15 de marzo de 2017<\/p>\n","protected":false},"excerpt":{"rendered":"<p>VATICANO, 20 Mar. 17 (ACI).- La sala de prensa de la Santa Sede hizo p&uacute;blico el programa del viaje que el Papa Francisco realizar&aacute; a F&aacute;tima, Portugal, del 12 al 13 de mayo de 2017, con motivo de la conmemoraci&oacute;n del centenario de las apariciones de la Virgen Mar&iacute;a en Cova de Ir&iacute;a. Seg&uacute;n las &hellip; <a href=\"https:\/\/www.biblia.work\/noticias\/este-es-el-programa-del-viaje-del-papa-francisco-a-fatima\/\" class=\"more-link\">Continuar leyendo<span class=\"screen-reader-text\"> \u00abEste es el programa del viaje del Papa Francisco a F\u00e1tima\u00bb<\/span><\/a><\/p>\n","protected":false},"author":1,"featured_media":0,"comment_status":"open","ping_status":"closed","sticky":false,"template":"","format":"standard","meta":{"footnotes":""},"categories":[1],"tags":[],"class_list":["post-12874","post","type-post","status-publish","format-standard","hentry","category-general"],"_links":{"self":[{"href":"https:\/\/www.biblia.work\/noticias\/wp-json\/wp\/v2\/posts\/12874","targetHints":{"allow":["GET"]}}],"collection":[{"href":"https:\/\/www.biblia.work\/noticias\/wp-json\/wp\/v2\/posts"}],"about":[{"href":"https:\/\/www.biblia.work\/noticias\/wp-json\/wp\/v2\/types\/post"}],"author":[{"embeddable":true,"href":"https:\/\/www.biblia.work\/noticias\/wp-json\/wp\/v2\/users\/1"}],"replies":[{"embeddable":true,"href":"https:\/\/www.biblia.work\/noticias\/wp-json\/wp\/v2\/comments?post=12874"}],"version-history":[{"count":0,"href":"https:\/\/www.biblia.work\/noticias\/wp-json\/wp\/v2\/posts\/12874\/revisions"}],"wp:attachment":[{"href":"https:\/\/www.biblia.work\/noticias\/wp-json\/wp\/v2\/media?parent=12874"}],"wp:term":[{"taxonomy":"category","embeddable":true,"href":"https:\/\/www.biblia.work\/noticias\/wp-json\/wp\/v2\/categories?post=12874"},{"taxonomy":"post_tag","embeddable":true,"href":"https:\/\/www.biblia.work\/noticias\/wp-json\/wp\/v2\/tags?post=12874"}],"curies":[{"name":"wp","href":"https:\/\/api.w.org\/{rel}","templated":true}]}}