{"id":12883,"date":"2017-03-20T13:40:04","date_gmt":"2017-03-20T18:40:04","guid":{"rendered":"http:\/\/www.biblia.work\/noticias\/de-maria-los-rasgos-fisicos-iguales-y-de-jose-carpintero-el-caracter-y-la-fortaleza-humana-2\/"},"modified":"2017-03-20T13:40:04","modified_gmt":"2017-03-20T18:40:04","slug":"de-maria-los-rasgos-fisicos-iguales-y-de-jose-carpintero-el-caracter-y-la-fortaleza-humana-2","status":"publish","type":"post","link":"https:\/\/www.biblia.work\/noticias\/de-maria-los-rasgos-fisicos-iguales-y-de-jose-carpintero-el-caracter-y-la-fortaleza-humana-2\/","title":{"rendered":"De Mar\u00eda los rasgos f\u00edsicos iguales y de Jos\u00e9 carpintero el car\u00e1cter y la fortaleza humana"},"content":{"rendered":"<p> <img src='http:\/\/media02.radiovaticana.va\/photo\/2015\/05\/13\/AFP4167483_Thumbnail.jpg' alt='' align='left' hspace='5'> <\/p>\n<p><span><br \/>\n<audio class=\"video-js vjs-default-skin vjs-big-play-button-centered rv-custom-audio\" controls=\"\" id=\"audioItem_9940929\" preload=\"none\"><\/audio><br \/>\n<span class=\"rv-audio-download\"><a href=\"http:\/\/media02.radiovaticana.va\/audio\/audio2\/mp3\/00574481.mp3\" title=\"Download audio\"><img decoding=\"async\" src=\"http:\/\/es.radiovaticana.va\/Modules\/Presentation\/Styles\/images-common\/icons\/download-audio-mp3_off.png\" style=\"height: 30px\" \/><\/a><\/span> <\/span><\/p>\n<p>(RV).- La Oficina de Prensa de la Santa Sede public&oacute; el 20 de marzo el programa de la Peregrinaci&oacute;n del Papa Francisco al Santuario portugu&eacute;s de Nuestra Se&ntilde;ora del Rosario de F&aacute;tima, el 12 y 13 de mayo, &nbsp;con motivo del centenario de las Apariciones de la Virgen Mar&iacute;a a los pastorcitos en la Cova da Iria.<\/p>\n<p><strong>Viernes 12 de mayo de 2017<\/strong><\/p>\n<p>14.00 Salida en avi&oacute;n desde el aeropuerto de Roma\/Fiumicino hacia Monte Real<\/p>\n<p>16.20 Llegada a la Base A&eacute;rea de Monte Real<\/p>\n<p>Ceremonia de bienvenida<\/p>\n<p>16.35 Encuentro privado con el Presidente de la Rep&uacute;blica Portuguesa en la Base A&eacute;rea de Monte Real<\/p>\n<p>16.55 Visita a la Capilla de la Base A&eacute;rea<\/p>\n<p>17.15 Traslado en helic&oacute;ptero al Estadio municipal de F&aacute;tima<\/p>\n<p>17.35 Llegada al&nbsp; Estadio municipal de F&aacute;tima y traslado en coche descubierto al Santuario<\/p>\n<p>18.15 Visita a la Capilla de las Apariciones<\/p>\n<p>21.30 Bendici&oacute;n de las velas desde la Capilla de las Apariciones<\/p>\n<p>Rezo del Santo Rosario<\/p>\n<p>&nbsp;<\/p>\n<p><strong>S&aacute;bado 13 de mayo de 2017<\/strong><\/p>\n<p>9.10 Encuentro con el Primer Ministro en la Casa &ldquo;N.S. do Carmo&rdquo;<\/p>\n<p>9.40 Visita a la Bas&iacute;lica de Nuestra Se&ntilde;ora del Rosario de F&aacute;tima<\/p>\n<p>10.00 Santa Misa en el atrio del Santuario<\/p>\n<p>Saludo del Santo Padre a los enfermos<\/p>\n<p>12.30 Almuerzo con los obispos de Portugal en la Casa &ldquo;N.S. do Carmo&rdquo;<\/p>\n<p>14.45 Ceremonia de despedida en la Base A&eacute;rea de Monte Real<\/p>\n<p>15.00 Salida en avi&oacute;n desde la Base A&eacute;rea de Monte Real hacia Roma<\/p>\n<p>19.05 Llegada al aeropuerto de Roma\/Ciampino<\/p>\n<p>&nbsp;<\/p>\n<p>(RC-RV) &nbsp;&nbsp;<\/p>\n<p>&nbsp;<\/p>\n<p><a href=\"http:\/\/es.radiovaticana.va\" target=\"_blank\" rel=\"nofollow\">Fuente: es.radiovaticana.va<\/a><\/p>\n","protected":false},"excerpt":{"rendered":"<p>(RV).- La Oficina de Prensa de la Santa Sede public&oacute; el 20 de marzo el programa de la Peregrinaci&oacute;n del Papa Francisco al Santuario portugu&eacute;s de Nuestra Se&ntilde;ora del Rosario de F&aacute;tima, el 12 y 13 de mayo, &nbsp;con motivo del centenario de las Apariciones de la Virgen Mar&iacute;a a los pastorcitos en la Cova &hellip; <a href=\"https:\/\/www.biblia.work\/noticias\/de-maria-los-rasgos-fisicos-iguales-y-de-jose-carpintero-el-caracter-y-la-fortaleza-humana-2\/\" class=\"more-link\">Continuar leyendo<span class=\"screen-reader-text\"> \u00abDe Mar\u00eda los rasgos f\u00edsicos iguales y de Jos\u00e9 carpintero el car\u00e1cter y la fortaleza humana\u00bb<\/span><\/a><\/p>\n","protected":false},"author":1,"featured_media":0,"comment_status":"open","ping_status":"closed","sticky":false,"template":"","format":"standard","meta":{"footnotes":""},"categories":[1],"tags":[],"class_list":["post-12883","post","type-post","status-publish","format-standard","hentry","category-general"],"_links":{"self":[{"href":"https:\/\/www.biblia.work\/noticias\/wp-json\/wp\/v2\/posts\/12883","targetHints":{"allow":["GET"]}}],"collection":[{"href":"https:\/\/www.biblia.work\/noticias\/wp-json\/wp\/v2\/posts"}],"about":[{"href":"https:\/\/www.biblia.work\/noticias\/wp-json\/wp\/v2\/types\/post"}],"author":[{"embeddable":true,"href":"https:\/\/www.biblia.work\/noticias\/wp-json\/wp\/v2\/users\/1"}],"replies":[{"embeddable":true,"href":"https:\/\/www.biblia.work\/noticias\/wp-json\/wp\/v2\/comments?post=12883"}],"version-history":[{"count":0,"href":"https:\/\/www.biblia.work\/noticias\/wp-json\/wp\/v2\/posts\/12883\/revisions"}],"wp:attachment":[{"href":"https:\/\/www.biblia.work\/noticias\/wp-json\/wp\/v2\/media?parent=12883"}],"wp:term":[{"taxonomy":"category","embeddable":true,"href":"https:\/\/www.biblia.work\/noticias\/wp-json\/wp\/v2\/categories?post=12883"},{"taxonomy":"post_tag","embeddable":true,"href":"https:\/\/www.biblia.work\/noticias\/wp-json\/wp\/v2\/tags?post=12883"}],"curies":[{"name":"wp","href":"https:\/\/api.w.org\/{rel}","templated":true}]}}