{"id":12886,"date":"2017-03-20T14:05:04","date_gmt":"2017-03-20T19:05:04","guid":{"rendered":"http:\/\/www.biblia.work\/noticias\/misa-en-television-publica-espanola-bate-record-de-audiencia-2-semanas-seguidas\/"},"modified":"2017-03-20T14:05:04","modified_gmt":"2017-03-20T19:05:04","slug":"misa-en-television-publica-espanola-bate-record-de-audiencia-2-semanas-seguidas","status":"publish","type":"post","link":"https:\/\/www.biblia.work\/noticias\/misa-en-television-publica-espanola-bate-record-de-audiencia-2-semanas-seguidas\/","title":{"rendered":"Misa en televisi\u00f3n p\u00fablica espa\u00f1ola bate r\u00e9cord de audiencia 2 semanas seguidas"},"content":{"rendered":"<p> MADRID, 20 Mar. 17 (ACI).-<br \/>\n\tLa emisi&oacute;n de la Santa Misa ha alcanzado dos domingos seguidos los mejores &iacute;ndices de audiencia de toda su historia en Espa&ntilde;a y el domingo 19 de marzo lleg&oacute; a casi un mill&oacute;n de espectadores.<\/p>\n<p style=\"text-align: justify\">\n\tPablo Iglesias, el l&iacute;der del partido de izquierda, Podemos, pidi&oacute; recientemente en el Congreso de los Diputados que se retirara la Misa de la televisi&oacute;n p&uacute;blica La 2 argumentando que &ldquo;los medios de comunicaci&oacute;n p&uacute;blica no son un espacio para que se lleven a cabo ritos religiosos de cualquier tipo&rdquo;.<\/p>\n<p style=\"text-align: justify\">\n\tLa petici&oacute;n de Podemos ha suscitado el efecto contrario. Seg&uacute;n datos facilitados por la Radio Televisi&oacute;n Espa&ntilde;ola (RTVE), de la que depende el canal La 2, 954 mil personas siguieron la Santa Misa del domingo 19 de marzo emitida desde la iglesia de Santa Teresa Benedicta de la Cruz y que estuvo presidida por el Cardenal Carlos Osoro, Arzobispo de Madrid.<\/p>\n<p style=\"text-align: justify\">\n\tEl domingo anterior, 12 de marzo, la Santa Misa fue seguida por 1,2 millones de personas, alcanzando un r&eacute;cord hist&oacute;rico. El momento m&aacute;s visto de esta emisi&oacute;n fue el de la Comuni&oacute;n, con 1,3 millones de telespectadores.<\/p>\n<p style=\"text-align: justify\">\n\tLa Santa Misa retransmitida en La 2, dentro del programa &ldquo;El d&iacute;a del Se&ntilde;or&rdquo; tiene un promedio de 300 mil espectadores y es el programa m&aacute;s visto del fin de semana en esta cadena desde hace a&ntilde;os.<\/p>\n<p style=\"text-align: justify\">\n\tEl Presidente de la Conferencia Episcopal Espa&ntilde;ola (CEE), Cardenal Ricardo Bl&aacute;zquez, respondi&oacute; a esta petici&oacute;n de Podemos afirmando que se trata de &ldquo;un recurso pol&iacute;tico poco serio&rdquo; y record&oacute; que otras confesiones religiosas tambi&eacute;n tienen espacios similares en la televisi&oacute;n p&uacute;blica.<\/p>\n<p style=\"text-align: justify\">\n\tDesde hace m&aacute;s de 30 a&ntilde;os, Televisi&oacute;n Espa&ntilde;ola (TVE) emite los domingos por la ma&ntilde;ana espacios para las principales confesiones religiosas en Espa&ntilde;a.<\/p>\n<p style=\"text-align: justify\">\n\tPara los cat&oacute;licos est&aacute; &ldquo;El d&iacute;a del Se&ntilde;or&rdquo; y &ldquo;Pueblo de Dios&rdquo;; para los evang&eacute;licos &ldquo;Buenas noticias; los jud&iacute;os tienen &ldquo;Shalom&rdquo; y los musulmanes &ldquo;Islam Hoy&rdquo;.<\/p>\n<p style=\"text-align: justify\">\n\tTambi&eacute;n te puede interesar: <\/p>\n<p style=\"text-align: justify\">\n\t\tCardenal Bl&aacute;zquez: Sacar la Misa de la tv p&uacute;blica es un &ldquo;recurso pol&iacute;tico poco serio&rdquo; https:\/\/t.co\/LgcnwmauyB<\/p>\n<p>\t&mdash; ACI Prensa (@aciprensa) 16 de marzo de 2017<\/p>\n","protected":false},"excerpt":{"rendered":"<p>MADRID, 20 Mar. 17 (ACI).- La emisi&oacute;n de la Santa Misa ha alcanzado dos domingos seguidos los mejores &iacute;ndices de audiencia de toda su historia en Espa&ntilde;a y el domingo 19 de marzo lleg&oacute; a casi un mill&oacute;n de espectadores. Pablo Iglesias, el l&iacute;der del partido de izquierda, Podemos, pidi&oacute; recientemente en el Congreso de &hellip; <a href=\"https:\/\/www.biblia.work\/noticias\/misa-en-television-publica-espanola-bate-record-de-audiencia-2-semanas-seguidas\/\" class=\"more-link\">Continuar leyendo<span class=\"screen-reader-text\"> \u00abMisa en televisi\u00f3n p\u00fablica espa\u00f1ola bate r\u00e9cord de audiencia 2 semanas seguidas\u00bb<\/span><\/a><\/p>\n","protected":false},"author":1,"featured_media":0,"comment_status":"open","ping_status":"closed","sticky":false,"template":"","format":"standard","meta":{"footnotes":""},"categories":[1],"tags":[],"class_list":["post-12886","post","type-post","status-publish","format-standard","hentry","category-general"],"_links":{"self":[{"href":"https:\/\/www.biblia.work\/noticias\/wp-json\/wp\/v2\/posts\/12886","targetHints":{"allow":["GET"]}}],"collection":[{"href":"https:\/\/www.biblia.work\/noticias\/wp-json\/wp\/v2\/posts"}],"about":[{"href":"https:\/\/www.biblia.work\/noticias\/wp-json\/wp\/v2\/types\/post"}],"author":[{"embeddable":true,"href":"https:\/\/www.biblia.work\/noticias\/wp-json\/wp\/v2\/users\/1"}],"replies":[{"embeddable":true,"href":"https:\/\/www.biblia.work\/noticias\/wp-json\/wp\/v2\/comments?post=12886"}],"version-history":[{"count":0,"href":"https:\/\/www.biblia.work\/noticias\/wp-json\/wp\/v2\/posts\/12886\/revisions"}],"wp:attachment":[{"href":"https:\/\/www.biblia.work\/noticias\/wp-json\/wp\/v2\/media?parent=12886"}],"wp:term":[{"taxonomy":"category","embeddable":true,"href":"https:\/\/www.biblia.work\/noticias\/wp-json\/wp\/v2\/categories?post=12886"},{"taxonomy":"post_tag","embeddable":true,"href":"https:\/\/www.biblia.work\/noticias\/wp-json\/wp\/v2\/tags?post=12886"}],"curies":[{"name":"wp","href":"https:\/\/api.w.org\/{rel}","templated":true}]}}