{"id":12892,"date":"2017-03-20T16:05:03","date_gmt":"2017-03-20T21:05:03","guid":{"rendered":"http:\/\/www.biblia.work\/noticias\/papa-francisco-reza-por-pronta-canonizacion-de-mons-romero-dice-obispo-salvadoreno\/"},"modified":"2017-03-20T16:05:03","modified_gmt":"2017-03-20T21:05:03","slug":"papa-francisco-reza-por-pronta-canonizacion-de-mons-romero-dice-obispo-salvadoreno","status":"publish","type":"post","link":"https:\/\/www.biblia.work\/noticias\/papa-francisco-reza-por-pronta-canonizacion-de-mons-romero-dice-obispo-salvadoreno\/","title":{"rendered":"Papa Francisco reza por pronta canonizaci\u00f3n de Mons. Romero, dice Obispo salvadore\u00f1o"},"content":{"rendered":"<p> REDACCI\u00d3N CENTRAL, 20 Mar. 17 (ACI).-<br \/>\n\tEn la audiencia sostenida con la Conferencia Episcopal de El Salvador, en visita ad limina en el Vaticano, el Papa Francisco expres&oacute; su oraci&oacute;n por ese pa&iacute;s y por la pronta canonizaci&oacute;n del Beato &Oacute;scar Arnulfo Romero, seg&uacute;n indic&oacute; uno de los obispos salvadore&ntilde;os.<\/p>\n<p style=\"text-align: justify\">\n\tEntrevistado el 20 de marzo por ACI Prensa, el Obispo Castrense de El Salvador, Mons. Fabio Colindres, se&ntilde;al&oacute; que los prelados salvadore&ntilde;os &ldquo;estamos en visita ad limina apostolorum en Roma y esta ma&ntilde;ana hemos estado casi dos horas reunidos con Su Santidad, el Papa Francisco&rdquo;.<\/p>\n<p style=\"text-align: justify\">\n\tSi bien el Santo Padre no puede hablar de &ldquo;forma determinante&rdquo; sobre la canonizaci&oacute;n del m&aacute;rtir salvadore&ntilde;o, &ldquo;no ha ocultado su deseo y su alegr&iacute;a porque esto sea muy pronto&rdquo;, dijo Mons. Colindres.<\/p>\n<p style=\"text-align: justify\">\n\tFrancisco tambi&eacute;n pidi&oacute; a los obispos &ldquo;que sigamos orando y por supuesto ha asegurado su oraci&oacute;n por todo el pa&iacute;s, por El Salvador&rdquo; y por la canonizaci&oacute;n de Mons. Romero.<\/p>\n<p style=\"text-align: justify\">\n\tNacido en Ciudad Barrios, al este de El Salvador, el 15 de agosto de 1917, Mons. &Oacute;scar Arnulfo Romero, fue nombrado Arzobispo de San Salvador por el Papa Pablo VI en 1977.<\/p>\n<p style=\"text-align: justify\">\n\tSu gobierno pastoral destac&oacute; por la defensa de los derechos humanos, en medio de una naciente guerra civil entre la guerrilla de izquierda y el gobierno de extrema derecha.<\/p>\n<p style=\"text-align: justify\">\n\tEl 24 de marzo de 1980, Mons. Romero fue asesinado por odio a la fe. El 3 de febrero de 2015, el Papa Francisco reconoci&oacute; su martirio y fue beatificado el 25 de mayo de ese mismo a&ntilde;o por el Cardenal Angelo Amato, Prefecto de la Congregaci&oacute;n para las Causas de los Santos, en San Salvador.<\/p>\n<p style=\"text-align: justify\">\n\tD&iacute;as antes de su beatificaci&oacute;n, Mons. Ricardo Urioste, uno de los sacerdotes m&aacute;s cercanos al m&aacute;rtir salvadore&ntilde;o, destac&oacute; que Mons. Romero &ldquo;tuvo al Evangelio como su servidor, no ley&oacute; nunca nada de la Teolog&iacute;a de la Liberaci&oacute;n, pero s&iacute; ley&oacute; la Biblia&rdquo;.<\/p>\n<p style=\"text-align: justify\">\n\tA fines de febrero de este a&ntilde;o culmin&oacute; en El Salvador el proceso de instrucci&oacute;n de un testimonio sobre un posible milagro concedido por intercesi&oacute;n de Mons. Romero, y fue enviado a Roma.<\/p>\n<p style=\"text-align: justify\">\n\tMons. Fabio Colindres dijo a ACI Prensa que el Papa Francisco &ldquo;despu&eacute;s de un saludo sumamente cari&ntilde;oso y cercano, nos ha invitado a tener un di&aacute;logo informal, sin agenda, sobre la realidad de nuestras di&oacute;cesis y la Provincia Eclesi&aacute;stica de El Salvador&rdquo;.<\/p>\n<p style=\"text-align: justify\">\n\t&ldquo;Hemos podido todos hablar un poco de nuestras inquietudes y &eacute;l ha respondido con mucho cari&ntilde;o y paciencia a cada una de las visiones pastorales que hemos tenido y temas en general que pastoralmente se ha tocado&rdquo;.<\/p>\n<p style=\"text-align: justify\">\n\tEl Santo Padre habl&oacute; a los obispos salvadore&ntilde;os sobre &ldquo;la importancia de la evangelizaci&oacute;n, de la cercan&iacute;a a la gente, del cari&ntilde;o, del trato amoroso y cari&ntilde;oso con todos, especialmente con los m&aacute;s golpeados, con los m&aacute;s necesitados, el cari&ntilde;o por los sacerdotes, por el clero, por la Iglesia misma&rdquo;.<\/p>\n<p style=\"text-align: justify\">\n\t&ldquo;Naturalmente hemos tocado mucho, mucho, el tema de Mons. Romero&rdquo;, dijo Mons. Colindres, pues es uno de los temas que al Papa &ldquo;le interesan de manera muy particular&rdquo;.<\/p>\n<p style=\"text-align: justify\">\n\tEl Prelado dijo que tambi&eacute;n hablaron con Francisco sobre el supuesto milagro remitido al Vaticano para su estudio, que &ldquo;parece ir en un muy buen proceso, en un buen camino, todav&iacute;a no concluido, esperando que sea de la mejor manera&rdquo;.<\/p>\n<p style=\"text-align: justify\">\n\t&ldquo;El Santo Padre ha expresado su deseo de que as&iacute; sea y que pronto podamos tener una canonizaci&oacute;n&rdquo;.<\/p>\n<p style=\"text-align: justify\">\n\t&ldquo;Naturalmente no hay fechas para canonizaci&oacute;n ni tampoco fecha de una posible visita del Papa a El Salvador&rdquo;, dijo, aunque todos los obispos le expresaron su deseo de que &ldquo;venga a El Salvador para la canonizaci&oacute;n de Mons. Romero&rdquo;.<\/p>\n<p style=\"text-align: justify\">\n\tEn todos los casos, el Papa respondi&oacute; sonriendo &ldquo;con mucho cari&ntilde;o y ha dicho &lsquo;ya veremos, ya llegar&aacute; el momento, no puedo dar fechas concretas&rsquo;. Pero hemos visto en sus ojos y en sus expresiones el deseo profundo de que esto suceda&rdquo;.<\/p>\n<p style=\"text-align: justify\">\n\tMons. Colindres indic&oacute; que el 24 de marzo, fecha en que se conmemora el martirio del Beato Romero &ldquo;estaremos todav&iacute;a en Roma&rdquo;, en el &uacute;ltimo d&iacute;a de su visita ad limina.<\/p>\n<p style=\"text-align: justify\">\n\t&ldquo;En una primera instancia, era el deseo del Santo Padre de que ese d&iacute;a los obispos de El Salvador concelebr&aacute;ramos una Eucarist&iacute;a para recordar, encomendarnos y conmemorar a Mons. Romero, pero fuera de su voluntad no podr&aacute; ese d&iacute;a. Por eso nos comunicaron que la Eucarist&iacute;a probablemente sea ma&ntilde;ana por la ma&ntilde;ana en Santa Marta&rdquo;.<\/p>\n<p style=\"text-align: justify\">\n\tAun as&iacute;, el 24 de marzo los obispos salvadore&ntilde;os concelebrar&aacute;n la Misa en Roma, centrados &ldquo;en la memoria cari&ntilde;osa de Mons. Romero&rdquo;.<\/p>\n<p style=\"text-align: justify\">\n\tTambi&eacute;n te puede interesar:<\/p>\n<p style=\"text-align: justify\">\n\t\tEntre la caricatura y la historia: Tres facetas que nos acercan al aut&eacute;ntico Mons. Romero http:\/\/t.co\/GIdKswHTag<\/p>\n<p>\t&mdash; ACI Prensa (@aciprensa) 22 de mayo de 2015<\/p>\n","protected":false},"excerpt":{"rendered":"<p>REDACCI\u00d3N CENTRAL, 20 Mar. 17 (ACI).- En la audiencia sostenida con la Conferencia Episcopal de El Salvador, en visita ad limina en el Vaticano, el Papa Francisco expres&oacute; su oraci&oacute;n por ese pa&iacute;s y por la pronta canonizaci&oacute;n del Beato &Oacute;scar Arnulfo Romero, seg&uacute;n indic&oacute; uno de los obispos salvadore&ntilde;os. Entrevistado el 20 de marzo &hellip; <a href=\"https:\/\/www.biblia.work\/noticias\/papa-francisco-reza-por-pronta-canonizacion-de-mons-romero-dice-obispo-salvadoreno\/\" class=\"more-link\">Continuar leyendo<span class=\"screen-reader-text\"> \u00abPapa Francisco reza por pronta canonizaci\u00f3n de Mons. Romero, dice Obispo salvadore\u00f1o\u00bb<\/span><\/a><\/p>\n","protected":false},"author":1,"featured_media":0,"comment_status":"open","ping_status":"closed","sticky":false,"template":"","format":"standard","meta":{"footnotes":""},"categories":[1],"tags":[],"class_list":["post-12892","post","type-post","status-publish","format-standard","hentry","category-general"],"_links":{"self":[{"href":"https:\/\/www.biblia.work\/noticias\/wp-json\/wp\/v2\/posts\/12892","targetHints":{"allow":["GET"]}}],"collection":[{"href":"https:\/\/www.biblia.work\/noticias\/wp-json\/wp\/v2\/posts"}],"about":[{"href":"https:\/\/www.biblia.work\/noticias\/wp-json\/wp\/v2\/types\/post"}],"author":[{"embeddable":true,"href":"https:\/\/www.biblia.work\/noticias\/wp-json\/wp\/v2\/users\/1"}],"replies":[{"embeddable":true,"href":"https:\/\/www.biblia.work\/noticias\/wp-json\/wp\/v2\/comments?post=12892"}],"version-history":[{"count":0,"href":"https:\/\/www.biblia.work\/noticias\/wp-json\/wp\/v2\/posts\/12892\/revisions"}],"wp:attachment":[{"href":"https:\/\/www.biblia.work\/noticias\/wp-json\/wp\/v2\/media?parent=12892"}],"wp:term":[{"taxonomy":"category","embeddable":true,"href":"https:\/\/www.biblia.work\/noticias\/wp-json\/wp\/v2\/categories?post=12892"},{"taxonomy":"post_tag","embeddable":true,"href":"https:\/\/www.biblia.work\/noticias\/wp-json\/wp\/v2\/tags?post=12892"}],"curies":[{"name":"wp","href":"https:\/\/api.w.org\/{rel}","templated":true}]}}