{"id":12898,"date":"2017-03-20T20:05:02","date_gmt":"2017-03-21T01:05:02","guid":{"rendered":"http:\/\/www.biblia.work\/noticias\/dia-del-nino-por-nacer-estas-son-las-celebraciones-en-algunos-paises-de-sudamerica\/"},"modified":"2017-03-20T20:05:02","modified_gmt":"2017-03-21T01:05:02","slug":"dia-del-nino-por-nacer-estas-son-las-celebraciones-en-algunos-paises-de-sudamerica","status":"publish","type":"post","link":"https:\/\/www.biblia.work\/noticias\/dia-del-nino-por-nacer-estas-son-las-celebraciones-en-algunos-paises-de-sudamerica\/","title":{"rendered":"D\u00eda del Ni\u00f1o por Nacer: Estas son las celebraciones en algunos pa\u00edses de Sudam\u00e9rica"},"content":{"rendered":"<p> REDACCI\u00d3N CENTRAL, 20 Mar. 17 (ACI).-<br \/>\n\tEn el marco de la celebraci&oacute;n del &ldquo;D&iacute;a del Ni&ntilde;o por nacer&rdquo; el pr&oacute;ximo 25 de marzo, se desarrollar&aacute;n actividades en algunos pa&iacute;ses de Sudam&eacute;rica como Colombia, Ecuador, Venezuela.<\/p>\n<p style=\"text-align: justify\">\n\tEn Per&uacute; las actividades se han pospuesto o cancelado debido a las inundaciones y deslizamientos provocados por el Fen&oacute;meno del &ldquo;Ni&ntilde;o Costero&rdquo; que causa estragos en varias zonas del pa&iacute;s.<\/p>\n<p style=\"text-align: justify\">\n\tColombia<\/p>\n<p style=\"text-align: justify\">\n\tEl Departamento de Promoci&oacute;n y Defensa de la Vida de la Conferencia Episcopal de Colombia (CEC) ha lanzado la iniciativa de rezar una Novena por la Vida. Esta comenz&oacute; el 17 de marzo y terminar&aacute; el d&iacute;a 25. El material para las oraciones puede conseguirse aqu&iacute;.<\/p>\n<p style=\"text-align: justify\">\n\tEn Bogot&aacute; como parte de la campa&ntilde;a &ldquo;Fecundar Vida, porque todos somos hijos&rdquo;, se est&aacute;n recolectando insumos de primera necesidad para beb&eacute;s, como pa&ntilde;ales, ropa, &uacute;tiles de aseo y juguetes. La CEC ha pedido armar kits y colocar una cinta de color para diferenciarlos por edades.<\/p>\n<p style=\"text-align: justify\">\n\tEl color rojo es para beb&eacute;s de 0 a 4 meses, azul para para beb&eacute;s de 5 a 8 meses y amarillo para beb&eacute;s de 9 a 12 meses.<\/p>\n<p style=\"text-align: justify\">\n\tLas donaciones se recibir&aacute;n hasta el 24 de marzo en la sede de la Conferencia Episcopal de Colombia, ubicada en la Carrera N&deg;58, 80-87, en Bogot&aacute;.<\/p>\n<p style=\"text-align: justify\">\n\tEstos kits ser&aacute;n entregados el d&iacute;a 25 de marzo a madres embarazadas que enfrentan dificultades econ&oacute;micas y sociales.<\/p>\n<p style=\"text-align: justify\">\n\tEse d&iacute;a a las 12:00 p.m. (hora local) se celebrar&aacute; una Misa Solemne, que ser&aacute; presidida por el Obispo de Soacha, Mons. Jos&eacute; Daniel Falla. A la 1:00 p.m. habr&aacute; un Concierto por la Vida donde tocar&aacute;n grupos cat&oacute;licos como Uni&oacute;n 3 y la cantante Sof&iacute;a Celis.<\/p>\n<p style=\"text-align: justify\">\n\tEn declaraciones a ACI Prensa, Andrea Garz&oacute;n, especialista de proyectos del Departamento de Promoci&oacute;n y Defensa de la Vida de la Conferencia Episcopal de Colombia (CEC), indic&oacute; que el objetivo es &ldquo;sensibilizar sobre la cultura de la vida&rdquo; y &ldquo;resaltar la valent&iacute;a de las madres que, a pesar de estar enfrentando un embarazo inesperado o una situaci&oacute;n cr&iacute;tica, deciden tener a sus hijos&rdquo;.<\/p>\n<p style=\"text-align: justify\">\n\tEsta campa&ntilde;a est&aacute; organizada por la CEC, la Arquidi&oacute;cesis de Bogot&aacute; y la Red Provida Bogot&aacute;.<\/p>\n<p style=\"text-align: justify\">\n\tPor su parte la Arquidi&oacute;cesis de Bucaramanga realiza una novena de oraci&oacute;n por la vida que comenz&oacute; el 16 de marzo.<\/p>\n<p style=\"text-align: justify\">\n\tEl d&iacute;a 25 se celebrar&aacute; a las 12:00 p.m. una Misa por la Vida en la Catedral de la Sagrada Familia. Ser&aacute; presidida por el Arzobispo local, Mons. Ismael Rueda Sierra.<\/p>\n<p style=\"text-align: justify\">\n\tGloria ???Portilla Camacho, l&iacute;der de la comunidad Custodiando Vidas, dijo a ACI Prensa que su agrupaci&oacute;n ofrecer&aacute; a diario una Misa por la Vida a las 6:00 p.m. Cada d&iacute;a se celebra en una parroquia distinta de Bucaramanga. Esta iniciativa comenz&oacute; el 1 de marzo y durar&aacute; hasta el 9 de abril.<\/p>\n<p style=\"text-align: justify\">\n\tEn esta arquidi&oacute;cesis la Marcha por la Vida ser&aacute; el 6 de mayo y partir&aacute; del Parque San P&iacute;o hasta la Plaza Luis Carlos Gal&aacute;n Sarmiento.<\/p>\n<p style=\"text-align: justify\">\n\tEcuador<\/p>\n<p style=\"text-align: justify\">\n\tSeg&uacute;n indic&oacute; a ACI Prensa la l&iacute;der provida Amparo Medina, para el 25 de marzo se han organizado marchas provida en ciudades como Lojas, Santo Domingo, Ambato y Guayaquil.<\/p>\n<p style=\"text-align: justify\">\n\tEn Guayaquil antes de la marcha, a las 4:30 p.m. (hora local) habr&aacute; una Misa en la Catedral Metropolitana San Pedro Ap&oacute;stol. Al terminar la Eucarist&iacute;a, tendr&aacute; lugar una caminata por la vida que culminar&aacute; en la Plaza San Francisco, donde se tendr&aacute; un festival de celebraci&oacute;n por la vida.<\/p>\n<p style=\"text-align: justify\">\n\tMedina indic&oacute; que del 18 al 25 de marzo se reza en todas las iglesias del pa&iacute;s la plegaria por la vida de San Juan Pablo II. Adem&aacute;s se pedir&aacute; que no se promulguen leyes contra la vida y la familia.<\/p>\n<p style=\"text-align: justify\">\n\tEn Quito el 25 de marzo a las 10:00 a.m. habr&aacute; un festival art&iacute;stico en el parque la Carolina, donde est&aacute; la cruz que recuerda la visita de San Juan Pablo II en 1985. Luego se realizar&aacute; una marcha hasta el Parque Centenario, donde est&aacute; la cruz en homenaje a la visita del Papa Francisco en 2015.<\/p>\n<p style=\"text-align: justify\">\n\tAll&iacute; a las 11:00 a.m. se celebrar&aacute; una Misa para renovar la consagraci&oacute;n de Ecuador al Sagrado Coraz&oacute;n de Jes&uacute;s.<\/p>\n<p style=\"text-align: justify\">\n\tVenezuela<\/p>\n<p style=\"text-align: justify\">\n\tEn la ciudad de Matur&iacute;n, el d&iacute;a 25 de marzo el grupo Provida Monangas ha organizado una Marcha por la Vida. Han convocado a j&oacute;venes y familias para que se unan bajo el lema &ldquo;Defendemos y promovemos la vida&rdquo;.<\/p>\n<p style=\"text-align: justify\">\n\tLa manifestaci&oacute;n partir&aacute; a las 8:00 a.m. de la Plaza Piar y terminar&aacute; en la Catedral de Matur&iacute;n. Al final de la marcha habr&aacute; un concierto.<\/p>\n<p style=\"text-align: justify\">\n\tPor otro lado, el 25 de marzo se celebrar&aacute; en Caracas el 41&deg; aniversario de la aparici&oacute;n de la Virgen de Betania, en el Santuario de San Casimiro.<\/p>\n<p style=\"text-align: justify\">\n\tA las 8:30 a.m. habr&aacute; una Hora Santa, luego se rezar&aacute; el Rosario. A las 11:00 a.m. el Obispo Auxiliar de Caracas, Mons. Enrique Parravano, celebrar&aacute; la Misa.<\/p>\n<p style=\"text-align: justify\">\n\tPer&uacute; de pie por los damnificados por lluvias<\/p>\n<p style=\"text-align: justify\">\n\tDebido a las inundaciones y deslizamientos provocados por el Fen&oacute;meno del Ni&ntilde;o, se ha cancelado la Marcha por la Vida que se iba a realizar el s&aacute;bado 25 de marzo en Lima. Esta marcha se ha convertido en la m&aacute;s grande manifestaci&oacute;n provida de Latinoam&eacute;rica, al congregar en 2016 a m&aacute;s de 750 mil personas.<\/p>\n<p style=\"text-align: justify\">\n\tEl Cardenal Juan Luis Cipriani anunci&oacute; a trav&eacute;s de la radio RPP, que todo el dinero recaudado en las colectas para la marcha y los recursos ser&aacute;n canalizados para ayudar a los damnificados.<\/p>\n<p style=\"text-align: justify\">\n\tAsimismo, en la ciudad de Chiclayo, que ha sido una de las m&aacute;s castigadas por las inundaciones, tambi&eacute;n se ha cancelado el Festival por la Vida.<\/p>\n<p style=\"text-align: justify\">\n\tSeg&uacute;n informaron los organizadores a ACI Prensa, se realizar&aacute; una &ldquo;Campa&ntilde;a por la Vida&rdquo; para reunir alimentos y recaudar dinero. Con ello se abastecer&aacute;n los comedores que se han organizado en los distritos de Jayanca, &Iacute;llimo y Pacora.<\/p>\n<p style=\"text-align: justify\">\n\tEl 19 de marzo se realiz&oacute; una colecta en las parroquias de Chiclayo. El viernes 24 habr&aacute; un Concierto por la Vida en el instituto educativo Santo Toribio de Mogrovejo. Los d&iacute;as 25 y 26 de marzo habr&aacute; una colecta p&uacute;blica.<\/p>\n<p style=\"text-align: justify\">\n\tEn el caso de la Arquidi&oacute;cesis de Piura, donde las lluvias tambi&eacute;n han afectado a la poblaci&oacute;n, las actividades fueron trasladadas a abril. El 18 de abril tendr&aacute; lugar el rezo del Rosario por la Vida. El s&aacute;bado 29 ser&aacute; el pasacalle (desfile) y el Festival por la Vida bajo el lema &ldquo;Defender a tu beb&eacute; es m&aacute;s que cuesti&oacute;n de fe&rdquo;.<\/p>\n<p style=\"text-align: justify\">\n\tPara el 6 de mayo se ha organizado el Congreso &ldquo;El Aborto y la Ideolog&iacute;a de G&eacute;nero: un atentado contra la Vida y la Familia&rdquo;.<\/p>\n<p style=\"text-align: justify\">\n\tTambi&eacute;n te puede interesar:<\/p>\n<p style=\"text-align: justify\">\n\t\tM&aacute;s de un mill&oacute;n y medio marchan contra la ideolog&iacute;a de g&eacute;nero en Per&uacute; https:\/\/t.co\/5FKGtlGS6k<\/p>\n<p>\t&mdash; ACI Prensa (@aciprensa) 5 de marzo de 2017<\/p>\n","protected":false},"excerpt":{"rendered":"<p>REDACCI\u00d3N CENTRAL, 20 Mar. 17 (ACI).- En el marco de la celebraci&oacute;n del &ldquo;D&iacute;a del Ni&ntilde;o por nacer&rdquo; el pr&oacute;ximo 25 de marzo, se desarrollar&aacute;n actividades en algunos pa&iacute;ses de Sudam&eacute;rica como Colombia, Ecuador, Venezuela. En Per&uacute; las actividades se han pospuesto o cancelado debido a las inundaciones y deslizamientos provocados por el Fen&oacute;meno del &hellip; <a href=\"https:\/\/www.biblia.work\/noticias\/dia-del-nino-por-nacer-estas-son-las-celebraciones-en-algunos-paises-de-sudamerica\/\" class=\"more-link\">Continuar leyendo<span class=\"screen-reader-text\"> \u00abD\u00eda del Ni\u00f1o por Nacer: Estas son las celebraciones en algunos pa\u00edses de Sudam\u00e9rica\u00bb<\/span><\/a><\/p>\n","protected":false},"author":1,"featured_media":0,"comment_status":"open","ping_status":"closed","sticky":false,"template":"","format":"standard","meta":{"footnotes":""},"categories":[1],"tags":[],"class_list":["post-12898","post","type-post","status-publish","format-standard","hentry","category-general"],"_links":{"self":[{"href":"https:\/\/www.biblia.work\/noticias\/wp-json\/wp\/v2\/posts\/12898","targetHints":{"allow":["GET"]}}],"collection":[{"href":"https:\/\/www.biblia.work\/noticias\/wp-json\/wp\/v2\/posts"}],"about":[{"href":"https:\/\/www.biblia.work\/noticias\/wp-json\/wp\/v2\/types\/post"}],"author":[{"embeddable":true,"href":"https:\/\/www.biblia.work\/noticias\/wp-json\/wp\/v2\/users\/1"}],"replies":[{"embeddable":true,"href":"https:\/\/www.biblia.work\/noticias\/wp-json\/wp\/v2\/comments?post=12898"}],"version-history":[{"count":0,"href":"https:\/\/www.biblia.work\/noticias\/wp-json\/wp\/v2\/posts\/12898\/revisions"}],"wp:attachment":[{"href":"https:\/\/www.biblia.work\/noticias\/wp-json\/wp\/v2\/media?parent=12898"}],"wp:term":[{"taxonomy":"category","embeddable":true,"href":"https:\/\/www.biblia.work\/noticias\/wp-json\/wp\/v2\/categories?post=12898"},{"taxonomy":"post_tag","embeddable":true,"href":"https:\/\/www.biblia.work\/noticias\/wp-json\/wp\/v2\/tags?post=12898"}],"curies":[{"name":"wp","href":"https:\/\/api.w.org\/{rel}","templated":true}]}}