{"id":12903,"date":"2017-03-21T08:40:06","date_gmt":"2017-03-21T13:40:06","guid":{"rendered":"http:\/\/www.biblia.work\/noticias\/el-papa-peregrina-con-los-jovenes-del-mundo-con-el-magnificat-revolucionario-de-maria\/"},"modified":"2017-03-21T08:40:06","modified_gmt":"2017-03-21T13:40:06","slug":"el-papa-peregrina-con-los-jovenes-del-mundo-con-el-magnificat-revolucionario-de-maria","status":"publish","type":"post","link":"https:\/\/www.biblia.work\/noticias\/el-papa-peregrina-con-los-jovenes-del-mundo-con-el-magnificat-revolucionario-de-maria\/","title":{"rendered":"El Papa peregrina con los j\u00f3venes del mundo con el Magn\u00edficat revolucionario de Mar\u00eda"},"content":{"rendered":"<p> <img src='http:\/\/media02.radiovaticana.va\/photo\/2017\/01\/25\/RV22791_Thumbnail.jpg' alt='' align='left' hspace='5'> <\/p>\n<p>(RV).- Ha sido publicado este martes 21 de marzo el Mensaje del Santo Padre Francisco a los j&oacute;venes, en preparaci&oacute;n de la XXXII Jornada Mundial de la Juventud 2017, que se celebrar&aacute; a nivel diocesano el 9 de abril 2017, Domingo de Ramos, sobre el tema: &ldquo;El Todopoderoso ha hecho cosas grandes en m&iacute;&rdquo; (<em>Lc<\/em> 1,49).<\/p>\n<p>Este a&ntilde;o, para favorecer una m&aacute;s amplia difusi&oacute;n del Mensaje, el Papa ha querido presentarlo a los j&oacute;venes de todo el mundo con un <strong>video<\/strong> en el cual menciona algunos temas tratados en el Mensaje y los invita a emprender el camino de preparaci&oacute;n espiritual que conducir&aacute; a la pr&oacute;xima celebraci&oacute;n internacional de la Jornada Mundial de la Juventud, en programa en Panam&aacute; del 22 al 27 enero 2019.<\/p>\n<p>Un camino en el cual, recuerda el Papa en el <strong>video mensaje<\/strong>, &ldquo;nos acompa&ntilde;a Nuestra Madre, la Virgen Mar&iacute;a, y nos anima con su fe. As&iacute; como el Se&ntilde;or se fij&oacute; en su peque&ntilde;ez, &ldquo;tambi&eacute;n Dios se fija en ustedes y los llama, y cuando lo hace est&aacute; mirando todo el amor que son capaces de ofrecer&rdquo;, afirma el Pont&iacute;fice en el video. Como Mar&iacute;a, ustedes &ldquo;pueden mejorar el mundo&rdquo;, asegura despu&eacute;s el Santo Padre. &ldquo;La Iglesia y la sociedad los necesitan&rdquo;.<\/p>\n<p>(MCM-RV)<\/p>\n<\/p>\n<p><strong>Texto del video mensaje del Santo Padre a los j&oacute;venes<\/strong><\/p>\n<p>Queridos j&oacute;venes:<\/p>\n<p>Con el recuerdo lleno de vida de nuestro encuentro en la Jornada Mundial de la Juventud del 2016 en Cracovia, nos hemos puesto en camino hacia la pr&oacute;xima meta que ser&aacute;, Dios mediante, Panam&aacute; en el 2019. Son muy importantes para m&iacute; estos momentos de encuentro y di&aacute;logo con ustedes, y quise que este itinerario se hiciera en sinton&iacute;a con la preparaci&oacute;n del pr&oacute;ximo S&iacute;nodo de los Obispos, que est&aacute; dedicado a ustedes, los j&oacute;venes.<\/p>\n<p>En este caminar nos acompa&ntilde;a Nuestra Madre, la Virgen Mar&iacute;a, y nos anima con su fe, la misma fe que ella expresa en su canto de alabanza. Mar&iacute;a dice: &laquo;<em>El Todopoderoso ha hecho cosas grandes en m&iacute;<\/em>&raquo; (<em>Lc<\/em> 1,49). Ella sabe dar gracias a Dios, que se fij&oacute; en su peque&ntilde;ez, y reconoce las cosas grandes que &eacute;l realiza en su vida; y se pone en camino para encontrar a su prima Isabel, anciana y necesitada de su cercan&iacute;a. No se queda encerrada en casa, porque no es una joven-sof&aacute;, que busque sentirse c&oacute;moda y segura sin que nadie la moleste. Ella se mueve por fe, porque la fe es el coraz&oacute;n de toda la historia de nuestra Madre.<\/p>\n<p>Queridos j&oacute;venes: Tambi&eacute;n Dios se fija en ustedes y los llama, y cuando lo hace est&aacute; mirando todo el amor que son capaces de ofrecer. Como la joven de Nazaret, pueden mejorar el mundo, para dejar una huella que marque la historia, la de ustedes y la de muchos. La Iglesia y la sociedad los necesitan. Con sus planteos, con el coraje que tienen, con su sue&ntilde;os e ideales, se caen los muros del inmovilismo y se abren caminos que nos llevan a un mundo mejor, m&aacute;s justo, menos cruel y m&aacute;s humano.<\/p>\n<p>En este camino, los animo a que cultiven una relaci&oacute;n de familiaridad y amistad con la Virgen santa. Es nuestra Madre. H&aacute;blenle como a una Madre. Con ella, den gracias por el don precioso de la fe que han recibido de sus mayores, y encomi&eacute;ndenle a ella toda su vida. Como Madre buena los escucha, los abraza, los quiere, camina con ustedes. Les aseguro que si hacen esto no se van a arrepentir.<\/p>\n<p>Buen peregrinaje hacia la Jornada Mundial de la Juventud de 2019.<\/p>\n<p>Que Dios los bendiga.<\/p>\n<p><a href=\"http:\/\/es.radiovaticana.va\" target=\"_blank\" rel=\"nofollow\">Fuente: es.radiovaticana.va<\/a><\/p>\n","protected":false},"excerpt":{"rendered":"<p>(RV).- Ha sido publicado este martes 21 de marzo el Mensaje del Santo Padre Francisco a los j&oacute;venes, en preparaci&oacute;n de la XXXII Jornada Mundial de la Juventud 2017, que se celebrar&aacute; a nivel diocesano el 9 de abril 2017, Domingo de Ramos, sobre el tema: &ldquo;El Todopoderoso ha hecho cosas grandes en m&iacute;&rdquo; (Lc &hellip; <a href=\"https:\/\/www.biblia.work\/noticias\/el-papa-peregrina-con-los-jovenes-del-mundo-con-el-magnificat-revolucionario-de-maria\/\" class=\"more-link\">Continuar leyendo<span class=\"screen-reader-text\"> \u00abEl Papa peregrina con los j\u00f3venes del mundo con el Magn\u00edficat revolucionario de Mar\u00eda\u00bb<\/span><\/a><\/p>\n","protected":false},"author":1,"featured_media":0,"comment_status":"open","ping_status":"closed","sticky":false,"template":"","format":"standard","meta":{"footnotes":""},"categories":[1],"tags":[],"class_list":["post-12903","post","type-post","status-publish","format-standard","hentry","category-general"],"_links":{"self":[{"href":"https:\/\/www.biblia.work\/noticias\/wp-json\/wp\/v2\/posts\/12903","targetHints":{"allow":["GET"]}}],"collection":[{"href":"https:\/\/www.biblia.work\/noticias\/wp-json\/wp\/v2\/posts"}],"about":[{"href":"https:\/\/www.biblia.work\/noticias\/wp-json\/wp\/v2\/types\/post"}],"author":[{"embeddable":true,"href":"https:\/\/www.biblia.work\/noticias\/wp-json\/wp\/v2\/users\/1"}],"replies":[{"embeddable":true,"href":"https:\/\/www.biblia.work\/noticias\/wp-json\/wp\/v2\/comments?post=12903"}],"version-history":[{"count":0,"href":"https:\/\/www.biblia.work\/noticias\/wp-json\/wp\/v2\/posts\/12903\/revisions"}],"wp:attachment":[{"href":"https:\/\/www.biblia.work\/noticias\/wp-json\/wp\/v2\/media?parent=12903"}],"wp:term":[{"taxonomy":"category","embeddable":true,"href":"https:\/\/www.biblia.work\/noticias\/wp-json\/wp\/v2\/categories?post=12903"},{"taxonomy":"post_tag","embeddable":true,"href":"https:\/\/www.biblia.work\/noticias\/wp-json\/wp\/v2\/tags?post=12903"}],"curies":[{"name":"wp","href":"https:\/\/api.w.org\/{rel}","templated":true}]}}