{"id":12904,"date":"2017-03-21T08:40:07","date_gmt":"2017-03-21T13:40:07","guid":{"rendered":"http:\/\/www.biblia.work\/noticias\/video-mensaje-del-papa-francisco-a-los-jovenes-en-preparacion-a-la-proxima-jmj-2017\/"},"modified":"2017-03-21T08:40:07","modified_gmt":"2017-03-21T13:40:07","slug":"video-mensaje-del-papa-francisco-a-los-jovenes-en-preparacion-a-la-proxima-jmj-2017","status":"publish","type":"post","link":"https:\/\/www.biblia.work\/noticias\/video-mensaje-del-papa-francisco-a-los-jovenes-en-preparacion-a-la-proxima-jmj-2017\/","title":{"rendered":"Video mensaje del Papa Francisco a los j\u00f3venes, en preparaci\u00f3n a la pr\u00f3xima JMJ 2017"},"content":{"rendered":"<p> <img src='http:\/\/media02.radiovaticana.va\/photo\/2017\/03\/21\/1919335_Thumbnail.jpg' alt='' align='left' hspace='5'> <\/p>\n<p><span><br \/>\n<audio class=\"video-js vjs-default-skin vjs-big-play-button-centered rv-custom-audio\" controls=\"\" id=\"audioItem_9947143\" preload=\"none\"><\/audio><br \/>\n<span class=\"rv-audio-download\"><a href=\"http:\/\/media02.radiovaticana.va\/audio\/audio2\/mp3\/00574576.mp3\" title=\"Download audio\"><img decoding=\"async\" src=\"http:\/\/es.radiovaticana.va\/Modules\/Presentation\/Styles\/images-common\/icons\/download-audio-mp3_off.png\" style=\"height: 30px\" \/><\/a><\/span> <\/span><\/p>\n<p>(RV).- Ser perdonados y perdonar: un misterio dif&iacute;cil de entender. Se necesita la oraci&oacute;n, el arrepentimiento y la verg&uuml;enza. Lo afirm&oacute; el <strong>Santo Padre Francisco<\/strong> en su homil&iacute;a de la Misa matutina celebrada en la capilla de la Casa de Santa Marta. El <strong>Pont&iacute;fice<\/strong> hizo hincapi&eacute; en la importancia de ser conscientes de la maravilla que Dios realiza en nosotros con su misericordia, para que, a nuestra vez, podamos ejercerla con los dem&aacute;s. Y puso en guardia ante la hipocres&iacute;a de &ldquo;robar un falso perd&oacute;n&rdquo; en el confesionario.<\/p>\n<p>El perd&oacute;n es un &ldquo;misterio dif&iacute;cil de entender&rdquo;. El <strong>Papa<\/strong> desarroll&oacute; su reflexi&oacute;n a partir de la Palabra propuesta por la liturgia del d&iacute;a, mediante la cual la Iglesia &ndash; dijo &ndash; nos hace &ldquo;entrar en este misterio&rdquo;, el de la gran &ldquo;obra de misericordia de Dios&rdquo;.<\/p>\n<p><strong>La gracia de la verg&uuml;enza es el primer paso hacia el misterio del perd&oacute;n<\/strong><\/p>\n<p>Y el &ldquo;primer paso&rdquo; &ndash; explic&oacute; el <strong>Francisco<\/strong> &ndash; es la &ldquo;verg&uuml;enza&rdquo; de los propios pecados, una &ldquo;gracia&rdquo; que no podemos &ldquo;obtener solos&rdquo;. El &ldquo;pueblo de Dios&rdquo; triste y humillado, es capaz de probar esta gracia, tal como narra el Profeta Daniel en la Primera Lectura. Mientras el protagonista del Evangelio no logra hacerlo: se trata del siervo perdonado por su patr&oacute;n a pesar de sus grandes deudas, pero que, a su vez, es incapaz de perdonar a sus deudores. &ldquo;No entendi&oacute; el misterio del perd&oacute;n&rdquo;, subray&oacute; el <strong>Papa Bergoglio<\/strong>.<\/p>\n<p>&ldquo;Si yo pregunto: &lsquo;&iquest;Pero todos ustedes son pecadores?&rsquo;. &nbsp;&ndash;&lsquo;S&iacute;, padre, todos&rsquo;. &nbsp;&ndash;&lsquo;&iquest;Y para obtener el perd&oacute;n de los pecados? &ndash;&lsquo;Nos confesamos&rsquo;. &nbsp;&ndash;&lsquo;&iquest;Y c&oacute;mo vas a confesarte?&rsquo;. &ndash; &lsquo;Bueno, yo voy, digo mis pecados, el sacerdote me perdona, me duce que rece tres Avemar&iacute;as y despu&eacute;s vuelvo en paz&rsquo;. &iexcl;T&uacute; no has entendido! T&uacute; s&oacute;lo fuiste al confesionario a realizar una operaci&oacute;n bancaria, a hacer un tr&aacute;mite de oficina. T&uacute; no fuiste avergonzado all&iacute; por lo que hiciste. Viste algunas manchas en tu conciencia y te equivocaste, porque cre&iacute;ste que el confesionario era una tintorer&iacute;a para sacar las manchas. Fuiste incapaz de avergonzarte de tus pecados&rdquo;.<\/p>\n<p><strong>En el confesionario no se debe robar un perd&oacute;n ficticio, sino ser conscientes de la misericordia divina&nbsp;<\/strong><\/p>\n<p>Por lo tanto, el perd&oacute;n recibido de Dios, la &ldquo;maravilla que hizo en tu coraz&oacute;n &ndash; prosigui&oacute; diciendo el <strong>Obispo de Roma <\/strong>&ndash; debe poder &ldquo;entrar en la conciencia&rdquo;, de lo contrario, &ldquo;sales, encuentras a un amigo, a una amiga, y comienzas a hablar mal de otro, y sigues pecando. S&oacute;lo puedo perdonar si me siento perdonado&rdquo;:<\/p>\n<p>&ldquo;Si t&uacute; no tienes conciencia de ser perdonado, jam&aacute;s podr&aacute;s perdonar. Jam&aacute;s. Siempre est&aacute; esa actitud de querer hacer las cuentas con los dem&aacute;s. El perd&oacute;n es total. Pero s&oacute;lo se puede hacer cuando yo siento mi pecado, me averg&uuml;enzo, tengo verg&uuml;enza, y pido perd&oacute;n a Dios, y me siento perdonado por el Padre. Y as&iacute; puedo perdonar. Si no, no se puede perdonar, somos incapaces de ello. Por esto el perd&oacute;n es un misterio&rdquo;.<\/p>\n<p>El siervo, protagonista del Evangelio del d&iacute;a &ndash; subray&oacute; una vez m&aacute;s el <strong>Santo Padre<\/strong> &ndash; tiene la sensaci&oacute;n de &ldquo;haberse salvado&rdquo;, de haber sido &ldquo;astuto&rdquo;. En cambio, no entendi&oacute; la &ldquo;generosidad del patr&oacute;n&rdquo;. Y cu&aacute;ntas veces &ndash; dijo <strong>Francisco<\/strong> &ndash; &ldquo;saliendo del confesionario sentimos esto, sentimos que nos salvamos&rdquo;. Pero esto &ndash; aclar&oacute; &ndash; no es recibir el perd&oacute;n &ndash; sino &ldquo;hipocres&iacute;a de robar un perd&oacute;n, un perd&oacute;n ficticio&rdquo;:<\/p>\n<p><strong>Perdonar siempre y con generosidad<\/strong><\/p>\n<p>&ldquo;Pidamos hoy al Se&ntilde;or la gracia de entender este &lsquo;setenta veces siete&rsquo;. Pidamos la gracia de la verg&uuml;enza ante Dios. &iexcl;Es una gran gracia! Avergonzarse de los propios pecados y as&iacute; recibir el perd&oacute;n y la gracia de la generosidad de darlo a los dem&aacute;s, porque si el Se&ntilde;or me ha perdonado tanto, &iquest;qui&eacute;n soy yo para no perdonar?&rdquo;.<\/p>\n<p>(Mar&iacute;a Fernanda Bernasconi &#8211; RV).<\/p>\n<p><a href=\"http:\/\/es.radiovaticana.va\" target=\"_blank\" rel=\"nofollow\">Fuente: es.radiovaticana.va<\/a><\/p>\n","protected":false},"excerpt":{"rendered":"<p>(RV).- Ser perdonados y perdonar: un misterio dif&iacute;cil de entender. Se necesita la oraci&oacute;n, el arrepentimiento y la verg&uuml;enza. Lo afirm&oacute; el Santo Padre Francisco en su homil&iacute;a de la Misa matutina celebrada en la capilla de la Casa de Santa Marta. El Pont&iacute;fice hizo hincapi&eacute; en la importancia de ser conscientes de la maravilla &hellip; <a href=\"https:\/\/www.biblia.work\/noticias\/video-mensaje-del-papa-francisco-a-los-jovenes-en-preparacion-a-la-proxima-jmj-2017\/\" class=\"more-link\">Continuar leyendo<span class=\"screen-reader-text\"> \u00abVideo mensaje del Papa Francisco a los j\u00f3venes, en preparaci\u00f3n a la pr\u00f3xima JMJ 2017\u00bb<\/span><\/a><\/p>\n","protected":false},"author":1,"featured_media":0,"comment_status":"open","ping_status":"closed","sticky":false,"template":"","format":"standard","meta":{"footnotes":""},"categories":[1],"tags":[],"class_list":["post-12904","post","type-post","status-publish","format-standard","hentry","category-general"],"_links":{"self":[{"href":"https:\/\/www.biblia.work\/noticias\/wp-json\/wp\/v2\/posts\/12904","targetHints":{"allow":["GET"]}}],"collection":[{"href":"https:\/\/www.biblia.work\/noticias\/wp-json\/wp\/v2\/posts"}],"about":[{"href":"https:\/\/www.biblia.work\/noticias\/wp-json\/wp\/v2\/types\/post"}],"author":[{"embeddable":true,"href":"https:\/\/www.biblia.work\/noticias\/wp-json\/wp\/v2\/users\/1"}],"replies":[{"embeddable":true,"href":"https:\/\/www.biblia.work\/noticias\/wp-json\/wp\/v2\/comments?post=12904"}],"version-history":[{"count":0,"href":"https:\/\/www.biblia.work\/noticias\/wp-json\/wp\/v2\/posts\/12904\/revisions"}],"wp:attachment":[{"href":"https:\/\/www.biblia.work\/noticias\/wp-json\/wp\/v2\/media?parent=12904"}],"wp:term":[{"taxonomy":"category","embeddable":true,"href":"https:\/\/www.biblia.work\/noticias\/wp-json\/wp\/v2\/categories?post=12904"},{"taxonomy":"post_tag","embeddable":true,"href":"https:\/\/www.biblia.work\/noticias\/wp-json\/wp\/v2\/tags?post=12904"}],"curies":[{"name":"wp","href":"https:\/\/api.w.org\/{rel}","templated":true}]}}