{"id":12912,"date":"2017-03-21T12:05:02","date_gmt":"2017-03-21T17:05:02","guid":{"rendered":"http:\/\/www.biblia.work\/noticias\/papa-francisco-descansara-en-una-carcel-durante-su-visita-a-milan\/"},"modified":"2017-03-21T12:05:02","modified_gmt":"2017-03-21T17:05:02","slug":"papa-francisco-descansara-en-una-carcel-durante-su-visita-a-milan","status":"publish","type":"post","link":"https:\/\/www.biblia.work\/noticias\/papa-francisco-descansara-en-una-carcel-durante-su-visita-a-milan\/","title":{"rendered":"Papa Francisco descansar\u00e1 en una c\u00e1rcel durante su visita a Mil\u00e1n"},"content":{"rendered":"<p> VATICANO, 21 Mar. 17 (ACI).-<br \/>\n\tDurante la visita que el Papa Francisco har&aacute; el s&aacute;bado 25 de marzo a Mil&aacute;n, mantendr&aacute; un encuentro con presos de la c&aacute;rcel de San Vittore e incluso descansar&aacute; 30 minutos en el mismo centro penitenciario antes de celebrar la Misa en el Parque Monza.<\/p>\n<p style=\"text-align: justify\">\n\tEs habitual que el Pont&iacute;fice se re&uacute;na con detenidos durante sus visitas apost&oacute;licas. En Mil&aacute;n har&aacute; lo propio con los de San Vittore, con quienes conversar&aacute; en privado y almorzar&aacute; despu&eacute;s.<\/p>\n<p style=\"text-align: justify\">\n\tA continuaci&oacute;n, descansar&aacute; unos 30 minutos en una habitaci&oacute;n habilitada para uso del capell&aacute;n. Es la primera vez en la historia que un Pont&iacute;fice descansar&aacute;, aunque sea por un breve periodo de tiempo, dentro de una c&aacute;rcel.<\/p>\n<p style=\"text-align: justify\">\n\tEl pasado 6 de noviembre, Francisco celebr&oacute; el Jubileo de los Encarcelados con una Misa en la Bas&iacute;lica de San Pedro. En ella pronunci&oacute; una homil&iacute;a en la que habl&oacute; de la esperanza y se&ntilde;al&oacute; que &ldquo;donde hay una persona que se ha equivocado, all&iacute; se hace presente con m&aacute;s fuerza la Misericordia del Padre, para suscitar arrepentimiento, perd&oacute;n, reconciliaci&oacute;n&rdquo;. Francisco record&oacute; entonces que &ldquo;ciertamente, la falta de respeto por la ley conlleva la condena, y la privaci&oacute;n de libertad es la forma m&aacute;s dura de descontar una pena, porque toca la persona en su n&uacute;cleo m&aacute;s &iacute;ntimo. Y todav&iacute;a as&iacute;, la esperanza no puede perderse&rdquo;.<\/p>\n<p style=\"text-align: justify\">\n\t&ldquo;Una cosa es lo que merecemos por el mal que hicimos, y otra cosa distinta es el &lsquo;respiro&rsquo; de la esperanza, que no puede sofocarlo nada ni nadie&rdquo;, dijo el Pont&iacute;fice.<\/p>\n<p style=\"text-align: justify\">\n\tTambi&eacute;n te puede interesar:&nbsp;<\/p>\n<p style=\"text-align: justify\">\n\t\tEste es el programa oficial de la visita del Papa Francisco a Mil&aacute;n https:\/\/t.co\/mSyC4hN3ks<\/p>\n<p>\t&mdash; ACI Prensa (@aciprensa) 8 de marzo de 2017<\/p>\n<p style=\"text-align: justify\">\n\t&nbsp;<\/p>\n","protected":false},"excerpt":{"rendered":"<p>VATICANO, 21 Mar. 17 (ACI).- Durante la visita que el Papa Francisco har&aacute; el s&aacute;bado 25 de marzo a Mil&aacute;n, mantendr&aacute; un encuentro con presos de la c&aacute;rcel de San Vittore e incluso descansar&aacute; 30 minutos en el mismo centro penitenciario antes de celebrar la Misa en el Parque Monza. Es habitual que el Pont&iacute;fice &hellip; <a href=\"https:\/\/www.biblia.work\/noticias\/papa-francisco-descansara-en-una-carcel-durante-su-visita-a-milan\/\" class=\"more-link\">Continuar leyendo<span class=\"screen-reader-text\"> \u00abPapa Francisco descansar\u00e1 en una c\u00e1rcel durante su visita a Mil\u00e1n\u00bb<\/span><\/a><\/p>\n","protected":false},"author":1,"featured_media":0,"comment_status":"open","ping_status":"closed","sticky":false,"template":"","format":"standard","meta":{"footnotes":""},"categories":[1],"tags":[],"class_list":["post-12912","post","type-post","status-publish","format-standard","hentry","category-general"],"_links":{"self":[{"href":"https:\/\/www.biblia.work\/noticias\/wp-json\/wp\/v2\/posts\/12912","targetHints":{"allow":["GET"]}}],"collection":[{"href":"https:\/\/www.biblia.work\/noticias\/wp-json\/wp\/v2\/posts"}],"about":[{"href":"https:\/\/www.biblia.work\/noticias\/wp-json\/wp\/v2\/types\/post"}],"author":[{"embeddable":true,"href":"https:\/\/www.biblia.work\/noticias\/wp-json\/wp\/v2\/users\/1"}],"replies":[{"embeddable":true,"href":"https:\/\/www.biblia.work\/noticias\/wp-json\/wp\/v2\/comments?post=12912"}],"version-history":[{"count":0,"href":"https:\/\/www.biblia.work\/noticias\/wp-json\/wp\/v2\/posts\/12912\/revisions"}],"wp:attachment":[{"href":"https:\/\/www.biblia.work\/noticias\/wp-json\/wp\/v2\/media?parent=12912"}],"wp:term":[{"taxonomy":"category","embeddable":true,"href":"https:\/\/www.biblia.work\/noticias\/wp-json\/wp\/v2\/categories?post=12912"},{"taxonomy":"post_tag","embeddable":true,"href":"https:\/\/www.biblia.work\/noticias\/wp-json\/wp\/v2\/tags?post=12912"}],"curies":[{"name":"wp","href":"https:\/\/api.w.org\/{rel}","templated":true}]}}