{"id":12915,"date":"2017-03-21T13:05:03","date_gmt":"2017-03-21T18:05:03","guid":{"rendered":"http:\/\/www.biblia.work\/noticias\/celebraran-dia-del-nino-por-nacer-en-desagravio-por-parodia-del-aborto-de-la-virgen\/"},"modified":"2017-03-21T13:05:03","modified_gmt":"2017-03-21T18:05:03","slug":"celebraran-dia-del-nino-por-nacer-en-desagravio-por-parodia-del-aborto-de-la-virgen","status":"publish","type":"post","link":"https:\/\/www.biblia.work\/noticias\/celebraran-dia-del-nino-por-nacer-en-desagravio-por-parodia-del-aborto-de-la-virgen\/","title":{"rendered":"Celebrar\u00e1n D\u00eda del Ni\u00f1o por nacer en desagravio por parodia del \u201caborto\u201d de la Virgen"},"content":{"rendered":"<p> BUENOS AIRES, 21 Mar. 17 (ACI).-<br \/>\n\tLas arquidi&oacute;cesis como Tucum&aacute;n y Buenos Aires en Argentina han invitado a celebrar el D&iacute;a del ni&ntilde;o que est&aacute; por nacer, el pr&oacute;ximo s&aacute;bado 25 de marzo, con actitud de fe y reparaci&oacute;n por los recientes actos sacr&iacute;legos cometidos en sus respectivas catedrales.<\/p>\n<p style=\"text-align: justify\">\n\tLa situaci&oacute;n de violencia del pasado 8 de marzo durante las manifestaciones en el D&iacute;a de la Mujer, desembocaron en que ese d&iacute;a, en las afueras de la Catedral de Tucum&aacute;n un grupo feminista realiz&oacute; una parodia del &quot;aborto&quot; de la Virgen Mar&iacute;a.<\/p>\n<p style=\"text-align: justify\">\n\tAdem&aacute;s, en la Parroquia San Juan Bautista del barrio Florencio Varela se investiga el ataque incendiario cometido por dos sujetos el pasado 10 de marzo.<\/p>\n<p style=\"text-align: justify\">\n\tEl Arzobispo de Tucuman, Mons. Alfredo Horacio Zecca, expres&oacute; que la celebraci&oacute;n por la vida de este a&ntilde;o se da en &ldquo;el lamentable deterioro que sufre nuestra sociedad. La burda, insolente e irrespetuosa escenificaci&oacute;n de la Sant&iacute;sima Virgen Mar&iacute;a abortando a su Hijo Jes&uacute;s en las mismas puertas de la Iglesia Catedral ha significado un sacrilegio y una falta de respeto&rdquo;.<\/p>\n<p style=\"text-align: justify\">\n\tMons. Zecca invit&oacute; a &ldquo;manifestar, desagraviar y renovar nuestro pacto de fidelidad&rdquo; hacia la Virgen y propuso &ldquo;transformar nuestro leg&iacute;timo dolor en una fiesta en honor de nuestra Madre del cielo que infunda en nuestros corazones una actitud misericordiosa y compasiva frente a quienes nos han ofendido&rdquo;.<\/p>\n<p style=\"text-align: justify\">\n\tEl Arzobispo de Tucum&aacute;n denunci&oacute; la &ldquo;sorprendente contradicci&oacute;n&rdquo; que existe cuando se exige el respeto a los derechos humanos cuando al mismo tiempo se niega &ldquo;en particular en los momentos m&aacute;s emblem&aacute;ticos de la existencia, como son el nacimiento y la muerte&rdquo;.<\/p>\n<p style=\"text-align: justify\">\n\tRosario por la Vida<\/p>\n<p style=\"text-align: justify\">\n\tEn tanto, la Catedral de Buenos Aires afina los detalles para el 14&deg; Rosario por la Vida a las 18 horas del 25 de marzo, instancia que naci&oacute; en 2004 con el entonces Cardenal Jorge Mario Bergoglio, hoy Papa Francisco.<\/p>\n<p style=\"text-align: justify\">\n<p style=\"text-align: justify\">\n\tComo la de Tucum&aacute;n, la Catedral de Buenos Aires tambi&eacute;n sufri&oacute; un grave ataque por parte de grupos feministas, donde adem&aacute;s prendieron fuego, pintaron la fachada y agredieron a un joven que portaba la bandera del Vaticano.<\/p>\n<p style=\"text-align: justify\">\n\tOlga Mu&ntilde;oz, presidenta de la organizaci&oacute;n Familias del Mundo Unidas para la Paz (FAMPAZ), explic&oacute; que la actividad se centra en el Rosario ya que Argentina al igual que &ldquo;casi toda Latinoam&eacute;rica conserva una profunda confianza en nuestra Madre la Virgen Mar&iacute;a; por la fe que profesamos y porque ella es madre, ponemos bajo su protecci&oacute;n, la vida en el vientre materno&rdquo;.<\/p>\n<p style=\"text-align: justify\">\n\tLa tambi&eacute;n organizadora de la Marcha de los Escarpines, manifest&oacute; que las amenazas actuales contra los que est&aacute;n por nacer son los llamados &ldquo;protocolos&rdquo; que permiten abortar y que &ldquo;rigen con algunas variaciones&rdquo; dependiendo la provincia.<\/p>\n<p style=\"text-align: justify\">\n\tMu&ntilde;oz record&oacute; que hoy existe un proyecto de ley de aborto &ldquo;libre legal y gratuito sobre nuestros talones&rdquo; que se volvi&oacute; a presentar el pasado 8 de marzo con la firma de 40 diputados.<\/p>\n<p style=\"text-align: justify\">\n\t&ldquo;Estamos viviendo una hora dif&iacute;cil donde los m&aacute;s d&eacute;biles est&aacute;n en peligro de que se les aplique la pena de muerte. Por eso debemos dar testimonio de nuestra fe en el Se&ntilde;or de la Vida y unirnos el 25 de marzo en uni&oacute;n a nuestros pastores rezando el Rosario de la vida por los ni&ntilde;os que est&aacute;n por nacer&rdquo;, finaliz&oacute;.<\/p>\n<p style=\"text-align: justify\">\n\tArgentina fue el primer pa&iacute;s que hizo coincidir la Solemnidad de la Anunciaci&oacute;n de Mar&iacute;a con el D&iacute;a del ni&ntilde;o que est&aacute; por nacer. Se instaur&oacute; como mandato presidencial en 1999 e incluso fue alentado por el entonces Papa San Juan Pablo II quien pidi&oacute; se desarrollara una cultura orientada a la promoci&oacute;n de la dignidad humana en todas sus etapas.<\/p>\n<p style=\"text-align: justify\">\n\tTambi&eacute;n te puede interesar:<\/p>\n<p style=\"text-align: justify\">\n\t&nbsp;<\/p>\n<p style=\"text-align: justify\">\n\t\tD&iacute;a del Ni&ntilde;o por Nacer: Estas son las celebraciones en algunos pa&iacute;ses de Sudam&eacute;rica https:\/\/t.co\/VIYWcKGtbb<\/p>\n<p>\t&mdash; ACI Prensa (@aciprensa) 21 de marzo de 2017<\/p>\n<p style=\"text-align: justify\">\n\t&nbsp;<\/p>\n","protected":false},"excerpt":{"rendered":"<p>BUENOS AIRES, 21 Mar. 17 (ACI).- Las arquidi&oacute;cesis como Tucum&aacute;n y Buenos Aires en Argentina han invitado a celebrar el D&iacute;a del ni&ntilde;o que est&aacute; por nacer, el pr&oacute;ximo s&aacute;bado 25 de marzo, con actitud de fe y reparaci&oacute;n por los recientes actos sacr&iacute;legos cometidos en sus respectivas catedrales. La situaci&oacute;n de violencia del pasado &hellip; <a href=\"https:\/\/www.biblia.work\/noticias\/celebraran-dia-del-nino-por-nacer-en-desagravio-por-parodia-del-aborto-de-la-virgen\/\" class=\"more-link\">Continuar leyendo<span class=\"screen-reader-text\"> \u00abCelebrar\u00e1n D\u00eda del Ni\u00f1o por nacer en desagravio por parodia del \u201caborto\u201d de la Virgen\u00bb<\/span><\/a><\/p>\n","protected":false},"author":1,"featured_media":0,"comment_status":"open","ping_status":"closed","sticky":false,"template":"","format":"standard","meta":{"footnotes":""},"categories":[1],"tags":[],"class_list":["post-12915","post","type-post","status-publish","format-standard","hentry","category-general"],"_links":{"self":[{"href":"https:\/\/www.biblia.work\/noticias\/wp-json\/wp\/v2\/posts\/12915","targetHints":{"allow":["GET"]}}],"collection":[{"href":"https:\/\/www.biblia.work\/noticias\/wp-json\/wp\/v2\/posts"}],"about":[{"href":"https:\/\/www.biblia.work\/noticias\/wp-json\/wp\/v2\/types\/post"}],"author":[{"embeddable":true,"href":"https:\/\/www.biblia.work\/noticias\/wp-json\/wp\/v2\/users\/1"}],"replies":[{"embeddable":true,"href":"https:\/\/www.biblia.work\/noticias\/wp-json\/wp\/v2\/comments?post=12915"}],"version-history":[{"count":0,"href":"https:\/\/www.biblia.work\/noticias\/wp-json\/wp\/v2\/posts\/12915\/revisions"}],"wp:attachment":[{"href":"https:\/\/www.biblia.work\/noticias\/wp-json\/wp\/v2\/media?parent=12915"}],"wp:term":[{"taxonomy":"category","embeddable":true,"href":"https:\/\/www.biblia.work\/noticias\/wp-json\/wp\/v2\/categories?post=12915"},{"taxonomy":"post_tag","embeddable":true,"href":"https:\/\/www.biblia.work\/noticias\/wp-json\/wp\/v2\/tags?post=12915"}],"curies":[{"name":"wp","href":"https:\/\/api.w.org\/{rel}","templated":true}]}}