{"id":12924,"date":"2017-03-21T18:05:03","date_gmt":"2017-03-21T23:05:03","guid":{"rendered":"http:\/\/www.biblia.work\/noticias\/san-jose-tambien-estuvo-en-el-milagro-del-sol-de-fatima-y-este-es-su-significado\/"},"modified":"2017-03-21T18:05:03","modified_gmt":"2017-03-21T23:05:03","slug":"san-jose-tambien-estuvo-en-el-milagro-del-sol-de-fatima-y-este-es-su-significado","status":"publish","type":"post","link":"https:\/\/www.biblia.work\/noticias\/san-jose-tambien-estuvo-en-el-milagro-del-sol-de-fatima-y-este-es-su-significado\/","title":{"rendered":"San Jos\u00e9 tambi\u00e9n estuvo en el milagro del sol de F\u00e1tima y este es su significado"},"content":{"rendered":"<p> LISBOA, 21 Mar. 17 (ACI).-<br \/>\n\tSobre las apariciones de la Virgen de F&aacute;tima en Portugal muchas personas deben haber o&iacute;do hablar del &ldquo;Milagro del Sol&rdquo; de 1917, pero pocos conocen que San Jos&eacute; tambi&eacute;n estuvo presente en la visi&oacute;n de Sor Luc&iacute;a.<\/p>\n<p style=\"text-align: justify\">\n\tLa Sierva de Dios y vidente de F&aacute;tima, Sor Luc&iacute;a, describi&oacute; la aparici&oacute;n en sus Memorias: &ldquo;Desaparecida Nuestra Se&ntilde;ora en la inmensa lejan&iacute;a del firmamento, vimos al lado del sol, a San Jos&eacute; con el Ni&ntilde;o y a Nuestra Se&ntilde;ora vestida de blanco, con un manto azul. San Jos&eacute; con el Ni&ntilde;o parec&iacute;an bendecir al mundo, con unos gestos que hac&iacute;an con la mano en forma de cruz&rdquo;.<\/p>\n<p style=\"text-align: justify\">\n\t&ldquo;Esto reitera la importancia del papel de San Jos&eacute; dentro de la Iglesia. Dice tanto para nuestro mundo de hoy. Es el gigante silencioso, el amigo olvidado que est&aacute; constantemente presente&rdquo;, explic&oacute; Mike Wick, director ejecutivo del Institute on Religious Life, apostolado que promueve y apoya el crecimiento, desarrollo y renovaci&oacute;n de la vida consagrada.<\/p>\n<p style=\"text-align: justify\">\n\tAdem&aacute;s, Wick dijo que la presencia de la Sagrada Familia en la &uacute;ltima aparici&oacute;n de F&aacute;tima es un &ldquo;recordatorio oportuno&rdquo; de que la Iglesia debe ser &ldquo;la familia de Dios&rdquo;.<\/p>\n<p style=\"text-align: justify\">\n\t&ldquo;San Jos&eacute;, que es jefe de la Sagrada Familia, nos da una gran instrucci&oacute;n sobre el plan de Dios&rdquo;, a&ntilde;adi&oacute;.<\/p>\n<p style=\"text-align: justify\">\n\tEn ese sentido, Mons. Joseph Cirrincione, estudioso por m&aacute;s de 40 a&ntilde;os de las apariciones de F&aacute;tima, detall&oacute; en su libro &ldquo;St. Joseph, Fatima and Fatherhood&rdquo; (1989) que las apariciones definitivamente son un recordatorio de la importancia de la paternidad.<\/p>\n<p style=\"text-align: justify\">\n\t&ldquo;La paternidad de San Jos&eacute;, como con todos los padres humanos, es el reflejo en una criatura de la paternidad de Dios Padre. La visi&oacute;n de San Jos&eacute; y del Ni&ntilde;o Jes&uacute;s bendiciendo al mundo, con Mar&iacute;a al lado del sol, que no ha dejado su lugar, es la seguridad de Dios de que, aunque el hombre pueda rechazarlo, Dios nunca rechazar&aacute; al hombre&rdquo;, enfatiz&oacute;.<\/p>\n<p style=\"text-align: justify\">\n\tCuando la pac&iacute;fica escena familiar es interrumpida por los giros del sol durante el Milagro del Sol, Mons. Cirrincione cree que se trata de &ldquo;un presagio siniestro de las consecuencias para el mundo, que seguramente se sentir&aacute;n si la verdadera paternidad de Dios y el tradicional papel fuerte del padre de la familia son rechazados por la humanidad&rdquo;.<\/p>\n<p style=\"text-align: justify\">\n\t&ldquo;El Milagro del Sol representa no tanto una amenaza de males venideros, sino un presagio del destronamiento de Dios Padre y una indicaci&oacute;n de las terribles consecuencias que seguir&aacute;n&rdquo;, resalt&oacute;.<\/p>\n<p style=\"text-align: justify\">\n\tMons. Cirrincione explic&oacute; &ldquo;que la paternidad humana, como reflejo de la paternidad de Dios, fue dise&ntilde;ada para ser el pilar de la familia&rdquo; y que la &ldquo;desaparici&oacute;n de la estima por la paternidad ha llevado al colapso de ese pilar y a la desintegraci&oacute;n de la familia&rdquo;.<\/p>\n<p style=\"text-align: justify\">\n\tEn el siglo IX, el Papa Le&oacute;n XIII consagr&oacute; el mes de octubre a la Virgen del Rosario &ndash;t&iacute;tulo con el que Mar&iacute;a se llamar&iacute;a a s&iacute; misma en F&aacute;tima&ndash;, y en su enc&iacute;clica Quamquam Pluries (Devoci&oacute;n a San Jos&eacute;) de 1889, el Papa pidi&oacute; &ldquo;que el pueblo cristiano invoque continuamente, con gran piedad y confianza, junto con la Madre de Dios, a su casto esposo San Jos&eacute;&rdquo;.<\/p>\n<p style=\"text-align: justify\">\n\tDebido a que era &ldquo;de gran importancia la devoci&oacute;n a San Jos&eacute;&rdquo; este Papa escribi&oacute; y ofreci&oacute; una oraci&oacute;n al Santo Custodio para que fuera recitada despu&eacute;s del Rosario durante el mes de octubre.<\/p>\n<p style=\"text-align: justify\">\n\tLa oraci&oacute;n puede encontrarla AQU&Iacute;<\/p>\n<p style=\"text-align: justify\">\n\tTraducido y adaptado por Diego L&oacute;pez Marina. Publicado originalmente en National Catholic Register.<\/p>\n<p style=\"text-align: justify\">\n\tTambi&eacute;n te puede interesar:&nbsp;<\/p>\n<p style=\"text-align: justify\">\n\t\t&iquest;El mayor milagro de F&aacute;tima? Obispo explica que no fue la &ldquo;danza del sol&rdquo; https:\/\/t.co\/MuBWaEdfdP<\/p>\n<p>\t&mdash; ACI Prensa (@aciprensa) 1 de diciembre de 2016<\/p>\n<p style=\"text-align: justify\">\n\t&nbsp;<\/p>\n","protected":false},"excerpt":{"rendered":"<p>LISBOA, 21 Mar. 17 (ACI).- Sobre las apariciones de la Virgen de F&aacute;tima en Portugal muchas personas deben haber o&iacute;do hablar del &ldquo;Milagro del Sol&rdquo; de 1917, pero pocos conocen que San Jos&eacute; tambi&eacute;n estuvo presente en la visi&oacute;n de Sor Luc&iacute;a. La Sierva de Dios y vidente de F&aacute;tima, Sor Luc&iacute;a, describi&oacute; la aparici&oacute;n &hellip; <a href=\"https:\/\/www.biblia.work\/noticias\/san-jose-tambien-estuvo-en-el-milagro-del-sol-de-fatima-y-este-es-su-significado\/\" class=\"more-link\">Continuar leyendo<span class=\"screen-reader-text\"> \u00abSan Jos\u00e9 tambi\u00e9n estuvo en el milagro del sol de F\u00e1tima y este es su significado\u00bb<\/span><\/a><\/p>\n","protected":false},"author":1,"featured_media":0,"comment_status":"open","ping_status":"closed","sticky":false,"template":"","format":"standard","meta":{"footnotes":""},"categories":[1],"tags":[],"class_list":["post-12924","post","type-post","status-publish","format-standard","hentry","category-general"],"_links":{"self":[{"href":"https:\/\/www.biblia.work\/noticias\/wp-json\/wp\/v2\/posts\/12924","targetHints":{"allow":["GET"]}}],"collection":[{"href":"https:\/\/www.biblia.work\/noticias\/wp-json\/wp\/v2\/posts"}],"about":[{"href":"https:\/\/www.biblia.work\/noticias\/wp-json\/wp\/v2\/types\/post"}],"author":[{"embeddable":true,"href":"https:\/\/www.biblia.work\/noticias\/wp-json\/wp\/v2\/users\/1"}],"replies":[{"embeddable":true,"href":"https:\/\/www.biblia.work\/noticias\/wp-json\/wp\/v2\/comments?post=12924"}],"version-history":[{"count":0,"href":"https:\/\/www.biblia.work\/noticias\/wp-json\/wp\/v2\/posts\/12924\/revisions"}],"wp:attachment":[{"href":"https:\/\/www.biblia.work\/noticias\/wp-json\/wp\/v2\/media?parent=12924"}],"wp:term":[{"taxonomy":"category","embeddable":true,"href":"https:\/\/www.biblia.work\/noticias\/wp-json\/wp\/v2\/categories?post=12924"},{"taxonomy":"post_tag","embeddable":true,"href":"https:\/\/www.biblia.work\/noticias\/wp-json\/wp\/v2\/tags?post=12924"}],"curies":[{"name":"wp","href":"https:\/\/api.w.org\/{rel}","templated":true}]}}