{"id":12949,"date":"2017-03-22T13:10:02","date_gmt":"2017-03-22T18:10:02","guid":{"rendered":"http:\/\/www.biblia.work\/noticias\/arremeten-contra-luis-palau-por-victimas-del-hogar-seguro-virgen-de-la-asuncion\/"},"modified":"2017-03-22T13:10:02","modified_gmt":"2017-03-22T18:10:02","slug":"arremeten-contra-luis-palau-por-victimas-del-hogar-seguro-virgen-de-la-asuncion","status":"publish","type":"post","link":"https:\/\/www.biblia.work\/noticias\/arremeten-contra-luis-palau-por-victimas-del-hogar-seguro-virgen-de-la-asuncion\/","title":{"rendered":"Arremeten contra Luis Palau por v\u00edctimas del Hogar Seguro Virgen de la Asunci\u00f3n"},"content":{"rendered":"<p style=\"text-align: justify\">GUATEMALA. &#8211; Un grupo de manifestantes guatemaltecos la arremeti\u00f3 contra el evangelista Luis Palau cuestion\u00e1ndolo por las v\u00edctimas del Hogar Seguro Virgen de la Asunci\u00f3n y por su relaci\u00f3n amistosa con el presidente de Guatemala Jimmy Morales.<\/p>\n<p style=\"text-align: justify\">El 8 de marzo Luis Palau estaba realizando su festival evangel\u00edstico en Guatemala cuando 40 ni\u00f1as murieron tr\u00e1gicamente en un incendio. Esa tarde se llev\u00f3 a cabo en el parque central la actividad organizada por pastores de las iglesias evang\u00e9licas locales.<\/p>\n<p style=\"text-align: justify\">A la convocatoria asistieron cientos de guatemaltecos que quer\u00edan escuchar la pr\u00e9dica de Luis Palau pero al lugar llegaron un grupo de personas para manifestar su descontento.<\/p>\n<p style=\"text-align: justify\">Los manifestantes expresaban su inconformidad porque se retirara el altar de velas, flores y pancartas que se coloc\u00f3 en memoria de las v\u00edctimas del Hogar Seguro Virgen de la Asunci\u00f3n. Dicho monumento, sin embargo, estaba protegido.<\/p>\n<p style=\"text-align: justify\">Al momento que el evangelista tom\u00f3 la palabra, los inconformes le recriminaban que se presentara el d\u00eda del cumplea\u00f1os del presidente Jimmy Morales: \u201cCu\u00e1nto te pagaron por venir al cumplea\u00f1os de Jimmy Morales. Cu\u00e1nto te pagaron para venir al cumplea\u00f1os del asesino criminal. \u00a1Justicia!\u201c, gritaban los inconformes.<\/p>\n<p style=\"text-align: justify\">A lo que Palau, con toda la serenidad, les respondi\u00f3: \u201cJesucristo sana los corazones quebrantados. Perdona nuestros pecados y nos ayuda a perdonar a los dem\u00e1s\u201c.<\/p>\n<p style=\"text-align: justify\">Una de las mujeres cuestion\u00f3: \u201c\u00bfC\u00f3mo vamos a perdonar a los violadores sexuales? \u00a1Han violado a nuestras hijas de dos, tres y cuatro a\u00f1os! \u00bfC\u00f3mo?\u201c.<\/p>\n<p style=\"text-align: justify\">El evangelista le dio la raz\u00f3n a la mujer y le aconsej\u00f3: \u201cUsted tiene raz\u00f3n de estar enojada. Un sinverg\u00fcenza que fue traidor, pero la amargura no ayuda. \u00a1Cuando perdonamos somos libres de amargura, de enojo, de veneno! \u00a1Qu\u00e9 lindo es tener al Esp\u00edritu Santo en el coraz\u00f3n! Dios ama a cada uno de nosotros. Si nos arrepentimos de coraz\u00f3n somos perdonados y obtendremos amor eterno\u201c.<\/p>\n<p style=\"text-align: justify\"><strong>La visita de Palau al presidente <\/strong><\/p>\n<p style=\"text-align: justify\">Luis Palau se reuni\u00f3 el presidente Jimmy Morales para ofrecer palabras de aliento y esperanza d\u00edas despu\u00e9s que estas ni\u00f1as murieran en el incendio.<\/p>\n<p style=\"text-align: justify\">\u201cEste es un momento dif\u00edcil para la naci\u00f3n de Guatemala\u201d, dijo Palau tras su reuni\u00f3n privada con Morales. \u201cMuchas personas est\u00e1n sufriendo\u201d.<\/p>\n<p style=\"text-align: justify\">Palau dijo que en su reuni\u00f3n con Morales sinti\u00f3 como la naci\u00f3n lament\u00f3 la p\u00e9rdida de los hijos.<\/p>\n<p style=\"text-align: justify\">\u201cOfrec\u00ed mi m\u00e1s profunda solidaridad con el pueblo de Guatemala, especialmente las familias directamente afectadas por la tragedia, y record\u00e9 al presidente que la comunidad evang\u00e9lica est\u00e1 orando por la naci\u00f3n en este momento dif\u00edcil\u201d, dijo Palau en una publicaci\u00f3n de Facebook posterior.<\/p>\n<p style=\"text-align: justify\">Palau, quien a realizado varios eventos evangel\u00edsticos en Guatemala desde principios de 1970, dice que fue invitado a \u201canunciar la Buena Nueva de Jes\u00fas en la capital de Guatemala\u201d por los pastores locales y llevar a cabo una \u201cgran fiesta\u201d en la plaza central de la ciudad capital.<\/p>\n<p style=\"text-align: justify\"><strong>La tragedia cuestionable <\/strong><\/p>\n<p style=\"text-align: justify\">El refugio empez\u00f3 a funcionar en El Platanar, en San Jos\u00e9 Pinula, a 23 escasos kil\u00f3metros al sur de Ciudad de Guatemala en junio de 2010, durante la presidencia del \u00c1lvaro Colom.<\/p>\n<p style=\"text-align: justify\">Entonces era el Hogar Solidario Virgen de la Esperanza. Pero con el relevo en el gobierno en 2012, cambi\u00f3 su nombre de &#8220;solidario&#8221; por &#8220;seguro&#8221; y tambi\u00e9n el de la virgen que lo amparaba.<\/p>\n<p style=\"text-align: justify\">Aunque poco tuvieron de eso -de protecci\u00f3n- los menores internados en \u00e9l, en vista de las denuncias que desde entonces han ido salpicando los medios guatemaltecos.<\/p>\n<p style=\"text-align: justify\">Problemas que las autoridades a cargo han atribuido a falta de presupuesto y a las resoluciones de los jueces, que ordenan el internamiento de menores sin tener en cuenta su perfil o el hacinamiento de los centros.<\/p>\n<p style=\"text-align: justify\">Hasta el momento hay tres funcionarios detenidos con relaci\u00f3n al caso, y dos diputados de la oposici\u00f3n, Sandra Mor\u00e1n Reyes y Leocadio Jurac\u00e1n, de Convergencia, presentaron el 14 de marzo una querella contra el presidente Jimmy Morales.<\/p>\n<p style=\"text-align: justify\">Desde 2013 el Hogar Seguro acumulaba denuncias de violencia sexual por parte de los oficiales que trabajan ah\u00ed y entre los mismos menores. Despu\u00e9s del incendio en el Hogar, la Procuradur\u00eda de los Derechos Humanos de Guatemala pidi\u00f3 a la Comisi\u00f3n de Derechos Humanos que le exija al Estado de Guatemala &#8220;la adopci\u00f3n de medidas de protecci\u00f3n necesarias para garantizar la vida e integridad personal de los ni\u00f1os, ni\u00f1as y adolescentes&#8221;.<\/p>\n<p style=\"text-align: justify\">En el informe redactado por la Comisi\u00f3n, el 12 de marzo, la Procuradur\u00eda asegura que, en el Hogar Seguro, los menores est\u00e1n expuestos a m\u00faltiples factores de riegos: &#8220;hacinamiento, hechos de violencia, y deficientes condiciones de habilidad ante la falta de supervisi\u00f3n adecuada por parte del Estado&#8221;.\n<\/p>\n<p style=\"text-align: justify\">Fuente: Prensa Libre, BBC, PubliNews y AFP<\/p>\n<p style=\"text-align: justify\">La entrada <a rel=\"nofollow\" href=\"http:\/\/www.noticiacristiana.com\/sociedad\/2017\/03\/luis-palau-hogar-seguro-virgen-asuncion.html\">Arremeten contra Luis Palau por v\u00edctimas del Hogar Seguro Virgen de la Asunci\u00f3n<\/a> aparece primero en <a rel=\"nofollow\" href=\"http:\/\/www.noticiacristiana.com\">NoticiaCristiana.com<\/a>.<\/p>\n","protected":false},"excerpt":{"rendered":"<p>GUATEMALA. &#8211; Un grupo de manifestantes guatemaltecos la arremeti\u00f3 contra el evangelista Luis Palau cuestion\u00e1ndolo por las v\u00edctimas del Hogar Seguro Virgen de la Asunci\u00f3n y por su relaci\u00f3n amistosa con el presidente de Guatemala Jimmy Morales. El 8 de marzo Luis Palau estaba realizando su festival evangel\u00edstico en Guatemala cuando 40 ni\u00f1as murieron tr\u00e1gicamente &hellip; <a href=\"https:\/\/www.biblia.work\/noticias\/arremeten-contra-luis-palau-por-victimas-del-hogar-seguro-virgen-de-la-asuncion\/\" class=\"more-link\">Continuar leyendo<span class=\"screen-reader-text\"> \u00abArremeten contra Luis Palau por v\u00edctimas del Hogar Seguro Virgen de la Asunci\u00f3n\u00bb<\/span><\/a><\/p>\n","protected":false},"author":1,"featured_media":0,"comment_status":"open","ping_status":"closed","sticky":false,"template":"","format":"standard","meta":{"footnotes":""},"categories":[1],"tags":[],"class_list":["post-12949","post","type-post","status-publish","format-standard","hentry","category-general"],"_links":{"self":[{"href":"https:\/\/www.biblia.work\/noticias\/wp-json\/wp\/v2\/posts\/12949","targetHints":{"allow":["GET"]}}],"collection":[{"href":"https:\/\/www.biblia.work\/noticias\/wp-json\/wp\/v2\/posts"}],"about":[{"href":"https:\/\/www.biblia.work\/noticias\/wp-json\/wp\/v2\/types\/post"}],"author":[{"embeddable":true,"href":"https:\/\/www.biblia.work\/noticias\/wp-json\/wp\/v2\/users\/1"}],"replies":[{"embeddable":true,"href":"https:\/\/www.biblia.work\/noticias\/wp-json\/wp\/v2\/comments?post=12949"}],"version-history":[{"count":0,"href":"https:\/\/www.biblia.work\/noticias\/wp-json\/wp\/v2\/posts\/12949\/revisions"}],"wp:attachment":[{"href":"https:\/\/www.biblia.work\/noticias\/wp-json\/wp\/v2\/media?parent=12949"}],"wp:term":[{"taxonomy":"category","embeddable":true,"href":"https:\/\/www.biblia.work\/noticias\/wp-json\/wp\/v2\/categories?post=12949"},{"taxonomy":"post_tag","embeddable":true,"href":"https:\/\/www.biblia.work\/noticias\/wp-json\/wp\/v2\/tags?post=12949"}],"curies":[{"name":"wp","href":"https:\/\/api.w.org\/{rel}","templated":true}]}}