{"id":12954,"date":"2017-03-22T15:15:02","date_gmt":"2017-03-22T20:15:02","guid":{"rendered":"http:\/\/www.biblia.work\/noticias\/dia-mundial-del-agua-francisco-pide-proteger-este-bien-de-todos\/"},"modified":"2017-03-22T15:15:02","modified_gmt":"2017-03-22T20:15:02","slug":"dia-mundial-del-agua-francisco-pide-proteger-este-bien-de-todos","status":"publish","type":"post","link":"https:\/\/www.biblia.work\/noticias\/dia-mundial-del-agua-francisco-pide-proteger-este-bien-de-todos\/","title":{"rendered":"D\u00eda mundial del Agua: Francisco pide proteger \u2018este bien de todos\u2019"},"content":{"rendered":"<p style=\"text-align: justify\">ZENIT \u2013 Roma, 22 Mar. 2017).- Con motivo del D\u00eda Mundial del Agua hoy 22 de marzo, y ayer 21 D\u00eda Mundial de los Bosques, el papa Francisco hizo un llamado para proteger estos recursos \u201ccomo un bien de todos\u201d y a impulsar las iniciativas educativas sobre este tema.<\/p>\n<p style=\"text-align: justify\">Durante la audiencia general de este mi\u00e9rcoles en la Plaza de San Pedro, el Papa salud\u00f3 la iniciativa <em>\u201cWatershed: Replenishing Water Values for a Thirsty World\u201d<\/em>, (Cuencas de aguas: redescubrir el valor del agua para un mundo sediento), propuesta por el Consejo pontificio de la Cultura. En el cuadro de lanzamiento del programa quinquenal para la protecci\u00f3n de los recursos h\u00eddricos, expertos internacionales se encontraban all\u00ed presentes.<\/p>\n<p style=\"text-align: justify\">\u201cMe alegro por este encuentro, que marca una nueva etapa en el compromiso conjunto de varias instituciones para sensibilizar sobre la necesidad de tutelar el agua como bien de todos, valorizando tambi\u00e9n sus significados culturales y religiosos\u201d, dijo.<\/p>\n<p style=\"text-align: justify\">Bajo el signo de estas dos Jornadas mundiales, instituidas por las Naciones Unidas hace 25 a\u00f1os, el Papa anim\u00f3 a realizar esfuerzos \u201cen el campo de la educaci\u00f3n, con propuestas dirigidas a los ni\u00f1os y a los j\u00f3venes\u201d.<\/p>\n<p style=\"text-align: justify\">\u201c\u00a1Gracias por lo que hacen y que Dios les bendiga!\u201d concluy\u00f3 el Papa. El evento promovido por el Vaticano y por el Club de Roma, est\u00e1 apoyado por numerosas universidades y fundaciones del mundo.<\/p>\n<p style=\"text-align: justify\">Actualmente, en todo el mundo, casi mil millones de personas carecen de agua potable. Seg\u00fan los datos del Consejo Mundial del Agua (World Water Council \u2013 WWC), 923 millones de personas no tienen acceso al agua potable: 319 millones de habitantes de \u00c1frica subsahariana (el 32% de la poblaci\u00f3n), 554 millones de asi\u00e1ticos (el 12,5% de la poblaci\u00f3n), y 50 millones de sudamericanos (el 8% de la poblaci\u00f3n). \u00a0Adem\u00e1s, el 12% de la poblaci\u00f3n mundial no tiene acceso a fuentes de agua potable y se producen 3,5 millones de muertes anuales por enfermedades transmitidas por el agua.<\/p>\n<p style=\"text-align: justify\">Por ocasi\u00f3n del D\u00eda Mundial del agua, se realiza este mi\u00e9rcoles en el\u00a0Augustinianum de Roma, un encuentro sobre el tema con, la participaci\u00f3n de los cardenales Gianfranco Ravasi, presidente del Consejo Pontificio para la Cultura\u00a0y\u00a0Peter\u00a0Turkson, prefecto del Dicasterio para el Servicio del Desarrollo Humano Integral, adem\u00e1s\u00a0del arzobispo Paul Richard Gallagher, Secretario para las Relaciones con los Estados, y\u00a0de los relatores de diversos pa\u00edses.<\/p>\n<p><span class=\"et_bloom_bottom_trigger\"><\/span><\/p>\n<p><a href=\"https:\/\/es.zenit.org\/\" target=\"_blank\" rel=\"nofollow\">Fuente: es.zenit.org<\/a><\/p>\n","protected":false},"excerpt":{"rendered":"<p>ZENIT \u2013 Roma, 22 Mar. 2017).- Con motivo del D\u00eda Mundial del Agua hoy 22 de marzo, y ayer 21 D\u00eda Mundial de los Bosques, el papa Francisco hizo un llamado para proteger estos recursos \u201ccomo un bien de todos\u201d y a impulsar las iniciativas educativas sobre este tema. Durante la audiencia general de este &hellip; <a href=\"https:\/\/www.biblia.work\/noticias\/dia-mundial-del-agua-francisco-pide-proteger-este-bien-de-todos\/\" class=\"more-link\">Continuar leyendo<span class=\"screen-reader-text\"> \u00abD\u00eda mundial del Agua: Francisco pide proteger \u2018este bien de todos\u2019\u00bb<\/span><\/a><\/p>\n","protected":false},"author":1,"featured_media":0,"comment_status":"open","ping_status":"closed","sticky":false,"template":"","format":"standard","meta":{"footnotes":""},"categories":[1],"tags":[],"class_list":["post-12954","post","type-post","status-publish","format-standard","hentry","category-general"],"_links":{"self":[{"href":"https:\/\/www.biblia.work\/noticias\/wp-json\/wp\/v2\/posts\/12954","targetHints":{"allow":["GET"]}}],"collection":[{"href":"https:\/\/www.biblia.work\/noticias\/wp-json\/wp\/v2\/posts"}],"about":[{"href":"https:\/\/www.biblia.work\/noticias\/wp-json\/wp\/v2\/types\/post"}],"author":[{"embeddable":true,"href":"https:\/\/www.biblia.work\/noticias\/wp-json\/wp\/v2\/users\/1"}],"replies":[{"embeddable":true,"href":"https:\/\/www.biblia.work\/noticias\/wp-json\/wp\/v2\/comments?post=12954"}],"version-history":[{"count":0,"href":"https:\/\/www.biblia.work\/noticias\/wp-json\/wp\/v2\/posts\/12954\/revisions"}],"wp:attachment":[{"href":"https:\/\/www.biblia.work\/noticias\/wp-json\/wp\/v2\/media?parent=12954"}],"wp:term":[{"taxonomy":"category","embeddable":true,"href":"https:\/\/www.biblia.work\/noticias\/wp-json\/wp\/v2\/categories?post=12954"},{"taxonomy":"post_tag","embeddable":true,"href":"https:\/\/www.biblia.work\/noticias\/wp-json\/wp\/v2\/tags?post=12954"}],"curies":[{"name":"wp","href":"https:\/\/api.w.org\/{rel}","templated":true}]}}