{"id":12957,"date":"2017-03-22T15:15:03","date_gmt":"2017-03-22T20:15:03","guid":{"rendered":"http:\/\/www.biblia.work\/noticias\/audiencia-pontificia-refugiados-la-mayor-tragedia-desde-la-ii-guerra-mundial\/"},"modified":"2017-03-22T15:15:03","modified_gmt":"2017-03-22T20:15:03","slug":"audiencia-pontificia-refugiados-la-mayor-tragedia-desde-la-ii-guerra-mundial","status":"publish","type":"post","link":"https:\/\/www.biblia.work\/noticias\/audiencia-pontificia-refugiados-la-mayor-tragedia-desde-la-ii-guerra-mundial\/","title":{"rendered":"Audiencia pontificia: Refugiados, la mayor tragedia desde la II Guerra Mundial"},"content":{"rendered":"<p style=\"text-align: justify\">(ZENIT \u2013 Ciudad del Vaticano, 22 Mar. 2017).- El papa Francisco hizo un nuevo llamado pidendo que los inmigrantes sean recibidos e integrados.<\/p>\n<p style=\"text-align: justify\">Llegando al final\u00a0de la audiencia general de este mi\u00e9rcoles en la plaza de San Pedro, el Santo Padre salud\u00f3 en italiano a los participantes de la reuni\u00f3n de la Fundaci\u00f3n Migrantes: \u201cLes animo a seguir en esta labor destinada a acoger y dar hospitalidad a los refugiados\u201d, dijo.<\/p>\n<p style=\"text-align: justify\">Adem\u00e1s hizo una invitaci\u00f3n para que se favorezca la integraci\u00f3n de los refugiados \u201cteniendo en cuenta los derechos y deberes rec\u00edprocos de quien les recibe y de quien es recibido\u201d.<\/p>\n<p style=\"text-align: justify\">\u201cNo nos olvidemos que hoy en d\u00eda &#8211;a\u00f1adi\u00f3 improvisando algunas palabras&#8211; que el problema de los refugiados y de los migrantes es la mayor tragedia despu\u00e9s de la II Guerra Mundial\u201d.<\/p>\n<p style=\"text-align: justify\">El encuentro de la Fundaci\u00f3n Migrantes, organismo de la Conferencia episcopal italiana, se realiz\u00f3 del 19 al 22 de marzo y estuvo dedicado a la pastoral de los migrantes en las ciudades europeas. El tema fue: \u201cLas periferias geogr\u00e1ficas y existenciales en la movilidad humana\u201d.<\/p>\n<p><span class=\"et_bloom_bottom_trigger\"><\/span><\/p>\n<p><a href=\"https:\/\/es.zenit.org\/\" target=\"_blank\" rel=\"nofollow\">Fuente: es.zenit.org<\/a><\/p>\n","protected":false},"excerpt":{"rendered":"<p>(ZENIT \u2013 Ciudad del Vaticano, 22 Mar. 2017).- El papa Francisco hizo un nuevo llamado pidendo que los inmigrantes sean recibidos e integrados. Llegando al final\u00a0de la audiencia general de este mi\u00e9rcoles en la plaza de San Pedro, el Santo Padre salud\u00f3 en italiano a los participantes de la reuni\u00f3n de la Fundaci\u00f3n Migrantes: \u201cLes &hellip; <a href=\"https:\/\/www.biblia.work\/noticias\/audiencia-pontificia-refugiados-la-mayor-tragedia-desde-la-ii-guerra-mundial\/\" class=\"more-link\">Continuar leyendo<span class=\"screen-reader-text\"> \u00abAudiencia pontificia: Refugiados, la mayor tragedia desde la II Guerra Mundial\u00bb<\/span><\/a><\/p>\n","protected":false},"author":1,"featured_media":0,"comment_status":"open","ping_status":"closed","sticky":false,"template":"","format":"standard","meta":{"footnotes":""},"categories":[1],"tags":[],"class_list":["post-12957","post","type-post","status-publish","format-standard","hentry","category-general"],"_links":{"self":[{"href":"https:\/\/www.biblia.work\/noticias\/wp-json\/wp\/v2\/posts\/12957","targetHints":{"allow":["GET"]}}],"collection":[{"href":"https:\/\/www.biblia.work\/noticias\/wp-json\/wp\/v2\/posts"}],"about":[{"href":"https:\/\/www.biblia.work\/noticias\/wp-json\/wp\/v2\/types\/post"}],"author":[{"embeddable":true,"href":"https:\/\/www.biblia.work\/noticias\/wp-json\/wp\/v2\/users\/1"}],"replies":[{"embeddable":true,"href":"https:\/\/www.biblia.work\/noticias\/wp-json\/wp\/v2\/comments?post=12957"}],"version-history":[{"count":0,"href":"https:\/\/www.biblia.work\/noticias\/wp-json\/wp\/v2\/posts\/12957\/revisions"}],"wp:attachment":[{"href":"https:\/\/www.biblia.work\/noticias\/wp-json\/wp\/v2\/media?parent=12957"}],"wp:term":[{"taxonomy":"category","embeddable":true,"href":"https:\/\/www.biblia.work\/noticias\/wp-json\/wp\/v2\/categories?post=12957"},{"taxonomy":"post_tag","embeddable":true,"href":"https:\/\/www.biblia.work\/noticias\/wp-json\/wp\/v2\/tags?post=12957"}],"curies":[{"name":"wp","href":"https:\/\/api.w.org\/{rel}","templated":true}]}}