{"id":12958,"date":"2017-03-22T15:15:03","date_gmt":"2017-03-22T20:15:03","guid":{"rendered":"http:\/\/www.biblia.work\/noticias\/el-papa-en-la-audiencia-la-esperanza-no-depende-de-nosotros-sino-de-la-ayuda-de-dios-y-de-su-fidelidad\/"},"modified":"2017-03-22T15:15:03","modified_gmt":"2017-03-22T20:15:03","slug":"el-papa-en-la-audiencia-la-esperanza-no-depende-de-nosotros-sino-de-la-ayuda-de-dios-y-de-su-fidelidad","status":"publish","type":"post","link":"https:\/\/www.biblia.work\/noticias\/el-papa-en-la-audiencia-la-esperanza-no-depende-de-nosotros-sino-de-la-ayuda-de-dios-y-de-su-fidelidad\/","title":{"rendered":"El Papa en la audiencia: La esperanza no depende de nosotros sino de la ayuda de Dios y de su fidelidad"},"content":{"rendered":"<p style=\"text-align: justify\">(ZENIT &#8211; Ciudad del Vaticano, 22 Mar. 2017).- La esperanza cristiana se apoya en dos actitudes importantes: la perseverancia y la consolaci\u00f3n. Esta precisaci\u00f3n la hizo el santo padre Francisco en la catequesis\u00a0de este mi\u00e9rcoles en la Plaza de san Pedro, subrayando\u00a0que la esperanza no depende de nuestras cualidades sino de la ayuda de Dios y de su fidelidad.<\/p>\n<p style=\"text-align: justify\">Al ingresar el la Plaza de San Pedro en el veh\u00edculo abierto, el\u00a0Santo Padre pas\u00f3 entre los corredores saludando a los presentes que le recib\u00edan, con el entusiasmo caracter\u00edstico de estos momentos. E hizo detener el jeep y subir a varios ni\u00f1os que con sus gorros amarillos le acompa\u00f1aron en el recorrido.<\/p>\n<p style=\"text-align: justify\">Al retomar la serie de las catequesis sobre la esperanza, el Pont\u00edfice preciso que\u00a0&#8220;San Pablo contin\u00faa ayud\u00e1ndonos a comprender mejor en qu\u00e9 consiste la esperanza cristiana&#8221;, y se\u00f1al\u00f3 &#8220;dos actitudes importantes para nuestra vida y nuestra experiencia de fe: la perseverancia y la consolaci\u00f3n&#8221;.<\/p>\n<p style=\"text-align: justify\">&#8220;La Sagrada Escritura nos muestra &#8211;prosigui\u00f3 el Papa&#8211; que la perseverancia o paciencia es la capacidad de soportar, de permanecer fieles, sobre todo en medio de las situaciones adversas&#8221;. Por otra parte, la consolaci\u00f3n &#8220;es la gracia de saber acoger y mostrar en todo momento, especialmente en aquellos marcados por el sufrimiento y la desilusi\u00f3n, la presencia y la acci\u00f3n compasiva de Dios que nunca nos abandona y permanece siempre fiel a su amor por nosotros&#8221;.<\/p>\n<p style=\"text-align: justify\">Por eso, dice el Santo Padre que &#8220;el Ap\u00f3stol afirma que somos fuertes, pues en la l\u00f3gica del Evangelio nuestra fuerza no viene de nosotros sino del Se\u00f1or, que nos concede experimentar su consolaci\u00f3n y su amor fiel&#8221;. Y que adem\u00e1s nos da &#8220;la capacidad de estar cerca de los hermanos m\u00e1s d\u00e9biles y de hacernos cargo de su fragilidad&#8221;.<\/p>\n<p style=\"text-align: justify\">La Palabra de Dios alimenta en nosotros la esperanza, que se traduce concretamente &#8220;en servicio rec\u00edproco y en el compartir&#8221;, indic\u00f3 el Pont\u00edfice. Esto es posible s\u00f3lo &#8220;cuando en el centro est\u00e1 Cristo y su Palabra, porque \u00e9l es el \u201chermano fuerte\u201d que nos cuida y nos carga sobre sus hombros de \u201cBuen Pastor\u201d, tierno y sol\u00edcito&#8221;.<\/p>\n<p style=\"text-align: justify\">Despu\u00e9s del resumen que Francisco hizo en espa\u00f1ol, salud\u00f3\u00a0a los peregrinos provenientes de Espa\u00f1a y Latinoam\u00e9rica. &#8220;Agradezcamos al Se\u00f1or el don de su Palabra y no olvidemos que nuestra esperanza no depende de nuestras capacidades, sino de la ayuda de Dios y de la fidelidad de su amor&#8221;.<\/p>\n<p><span class=\"et_bloom_bottom_trigger\"><\/span><\/p>\n<p><a href=\"https:\/\/es.zenit.org\/\" target=\"_blank\" rel=\"nofollow\">Fuente: es.zenit.org<\/a><\/p>\n","protected":false},"excerpt":{"rendered":"<p>(ZENIT &#8211; Ciudad del Vaticano, 22 Mar. 2017).- La esperanza cristiana se apoya en dos actitudes importantes: la perseverancia y la consolaci\u00f3n. Esta precisaci\u00f3n la hizo el santo padre Francisco en la catequesis\u00a0de este mi\u00e9rcoles en la Plaza de san Pedro, subrayando\u00a0que la esperanza no depende de nuestras cualidades sino de la ayuda de Dios &hellip; <a href=\"https:\/\/www.biblia.work\/noticias\/el-papa-en-la-audiencia-la-esperanza-no-depende-de-nosotros-sino-de-la-ayuda-de-dios-y-de-su-fidelidad\/\" class=\"more-link\">Continuar leyendo<span class=\"screen-reader-text\"> \u00abEl Papa en la audiencia: La esperanza no depende de nosotros sino de la ayuda de Dios y de su fidelidad\u00bb<\/span><\/a><\/p>\n","protected":false},"author":1,"featured_media":0,"comment_status":"open","ping_status":"closed","sticky":false,"template":"","format":"standard","meta":{"footnotes":""},"categories":[1],"tags":[],"class_list":["post-12958","post","type-post","status-publish","format-standard","hentry","category-general"],"_links":{"self":[{"href":"https:\/\/www.biblia.work\/noticias\/wp-json\/wp\/v2\/posts\/12958","targetHints":{"allow":["GET"]}}],"collection":[{"href":"https:\/\/www.biblia.work\/noticias\/wp-json\/wp\/v2\/posts"}],"about":[{"href":"https:\/\/www.biblia.work\/noticias\/wp-json\/wp\/v2\/types\/post"}],"author":[{"embeddable":true,"href":"https:\/\/www.biblia.work\/noticias\/wp-json\/wp\/v2\/users\/1"}],"replies":[{"embeddable":true,"href":"https:\/\/www.biblia.work\/noticias\/wp-json\/wp\/v2\/comments?post=12958"}],"version-history":[{"count":0,"href":"https:\/\/www.biblia.work\/noticias\/wp-json\/wp\/v2\/posts\/12958\/revisions"}],"wp:attachment":[{"href":"https:\/\/www.biblia.work\/noticias\/wp-json\/wp\/v2\/media?parent=12958"}],"wp:term":[{"taxonomy":"category","embeddable":true,"href":"https:\/\/www.biblia.work\/noticias\/wp-json\/wp\/v2\/categories?post=12958"},{"taxonomy":"post_tag","embeddable":true,"href":"https:\/\/www.biblia.work\/noticias\/wp-json\/wp\/v2\/tags?post=12958"}],"curies":[{"name":"wp","href":"https:\/\/api.w.org\/{rel}","templated":true}]}}