{"id":12959,"date":"2017-03-22T15:15:04","date_gmt":"2017-03-22T20:15:04","guid":{"rendered":"http:\/\/www.biblia.work\/noticias\/san-jose-oriol-23-de-marzo-2\/"},"modified":"2017-03-22T15:15:04","modified_gmt":"2017-03-22T20:15:04","slug":"san-jose-oriol-23-de-marzo-2","status":"publish","type":"post","link":"https:\/\/www.biblia.work\/noticias\/san-jose-oriol-23-de-marzo-2\/","title":{"rendered":"San Jos\u00e9 Oriol \u2013 23 de marzo"},"content":{"rendered":"<p style=\"text-align: justify\">&nbsp;<\/p>\n<p style=\"text-align: justify\">(ZENIT &#8211; Madrid).- Dios concedi\u00f3 muchos dones a este santo nacido en Barcelona, Espa\u00f1a, el 6 de mayo de 1650. Entre otros, el de la direcci\u00f3n espiritual y el de la penetraci\u00f3n de corazones. Era un maestro en el cultivo de la pobreza y de la oraci\u00f3n, que efectuaba postrado durante horas ante el Sant\u00edsimo Sacramento. Su piedad era manifiesta siendo monaguillo y cantor en la iglesia de Santa Mar\u00eda del Mar de Barcelona. Tanto es as\u00ed que los sacerdotes le costearon los estudios. Al morir su padre, su madre contrajo nuevas nupcias. Pero al enviudar Gertrudis por segunda vez se encontraron con serias carencias. Seguramente sus benefactores tendr\u00edan en cuenta esta precaria situaci\u00f3n familiar. Era tal el candor de Jos\u00e9 que no hab\u00eda duda de que estaba llamado a ser un gran santo. El \u00fanico problema que tuvo que afrontar siendo estudiante fue la par\u00e1lisis de una de sus piernas que le oblig\u00f3 a permanecer reclu\u00eddo en cama durante un tiempo.<\/p>\n<p style=\"text-align: justify\">Despu\u00e9s, doctorado en filosof\u00eda y en teolog\u00eda, recibi\u00f3 el sacramento del sacerdocio en mayo de 1676 en la localidad de Vich. Entonces orient\u00f3 su acci\u00f3n a educar a los j\u00f3venes. En un momento dado, Dios le permiti\u00f3 atisbar parte de su alma. Qued\u00f3 tan impresionado de lo que vio, que tom\u00f3 la resoluci\u00f3n de vivir con esp\u00edritu de penitencia y ayunar todos los d\u00edas. En esa \u00e9poca se hallaba al servicio de la familia Gasneri como preceptor de los hijos, simultaneando esta labor con la de p\u00e1rroco en San Felipe Neri. Acept\u00f3 temporalmente el trabajo con objeto de paliar las dificultades por las que atravesaban su madre y hermanos. Pero era un hombre que amaba la pobreza. Le costaba hallarse rodeado de abundancia como la que ve\u00eda en el hogar.<\/p>\n<p style=\"text-align: justify\">Un d\u00eda en este domicilio se produjo un episodio impactante para \u00e9l desde el punto de vista espiritual. En el transcurso de un almuerzo hasta en tres ocasiones extendi\u00f3 el brazo para proveerse de unas exquisitas viandas, y se vio impedido por una fuerza sobrenatural para lograr su prop\u00f3sito. Interpret\u00f3 el hecho como una invitaci\u00f3n a someterse para siempre al m\u00e1s riguroso ayuno. No se retract\u00f3 de ello el resto de su existencia. Se aliment\u00f3 de pan y de agua. El pan, elegido por \u00e9l entre el menos apetitoso \u2013si pod\u00eda encontrarlo viejo y pasado, mejor\u2013, y se abastec\u00eda del agua en las fuentes p\u00fablicas que hallaba al paso. La \u00fanica licencia que se permit\u00eda era a\u00f1adir unas hierbas a tan frugal comida los domingos, y las obten\u00eda gratuitamente tom\u00e1ndolas de la ladera del monte Montjuic. Siempre vivi\u00f3 de la beneficencia; lo poco que ten\u00eda era de los pobres. Tanta era su austeridad que ni siquiera pose\u00eda una cama.<\/p>\n<p style=\"text-align: justify\">Estos gestos de piedad y sus mortificaciones, ins\u00f3litas para la mayor\u00eda de la gente, eran bien conocidos en la ciudad. Con sus modales exquisitos y la profundidad de su consejo alentaba a todos a vivir la santidad, ense\u00f1\u00e1ndoles que no se basa en actos puntuales externos y que debe discurrir afianzada en la oraci\u00f3n. Los que se acercaban a \u00e9l part\u00edan edificados por su alegr\u00eda y confianza. Era dador de paz. En s\u00ed mismo, su ejemplo constitu\u00eda ya una catequesis permanente. Vi\u00e9ndole c\u00f3mo actuaba, se enamoraban de Dios. Era su mejor apostolado. Lo testimonial cala siempre en el coraz\u00f3n de las personas.<\/p>\n<p style=\"text-align: justify\">No lleg\u00f3 a cumplir una d\u00e9cada con esta familia acomodada, porque falleci\u00f3 su madre, y sus hermanos se hallaban una situaci\u00f3n econ\u00f3mica menos comprometida. Viviendo pobremente, como siempre hizo, intensific\u00f3 su labor caritativa. Auxiliaba a los enfermos, indigentes, reclusos, militares, ni\u00f1os\u2026 En 1686 peregrin\u00f3 a Roma. En los meses de permanencia en la Ciudad Eterna, a la que lleg\u00f3 con cartas de recomendaci\u00f3n que ensalzaban su altura humana y espiritual, alcanz\u00f3 su sue\u00f1o de entrevistarse con Inocencio XI. Amigos cardenales lo hicieron posible. El papa le otorg\u00f3 una prebenda en la parroquia de Santa Mar\u00eda del Pino de Barcelona. En ella ejerci\u00f3 su acci\u00f3n pastoral con abundantes frutos. Pero no le faltaron detractores. Llevaron sus quejas al prelado y le acusaron ante \u00e9l de imponer a los penitentes mortificaciones como las suyas.<\/p>\n<p style=\"text-align: justify\">A la muerte del obispo, que vet\u00f3 su labor apost\u00f3lica, sigui\u00f3 en manos de su sucesor. De todos modos, Jos\u00e9 quiso ser m\u00e1rtir ardientemente. Por eso, en abril de 1698 parti\u00f3 rumbo a Roma de nuevo, a pesar del clamor de las gentes que tem\u00edan perderle e intentaron disuadirle para que permaneciese entre ellas. \u00c9l pensaba que all\u00ed obtendr\u00eda de la Santa Sede la gracia de poder encaminarse al martirio. Pero la voluntad divina fue que enfermase en Marsella, y la Virgen le hizo ver que deb\u00eda proseguir su misi\u00f3n en Barcelona atendiendo a los enfermos.<\/p>\n<p style=\"text-align: justify\">Aunque Dios obr\u00f3 numerosos prodigios por su mediaci\u00f3n, siempre los atribuy\u00f3 al arrepentimiento que mostraban quienes le abr\u00edan su coraz\u00f3n. Les hac\u00eda ver que eran sanados directamente por \u00c9l. Humilde y sencillo, rechaz\u00f3 frontalmente cualquier intento de considerarle art\u00edfice de signos extraordinarios. Fue agraciado con el don de profec\u00eda, de levitaci\u00f3n, y de milagros. Dios le concedi\u00f3 sanar a los enfermos con una simple bendici\u00f3n. Un inmenso gent\u00edo, que proced\u00eda no solo de Barcelona sino de otros lugares, se arremolinaba en torno a \u00e9l esperando recibir la aspersi\u00f3n del agua bendita y la se\u00f1al de la cruz trazada sobre ellos.<\/p>\n<p style=\"text-align: justify\">Algunos de sus numerosos milagros fueron memorables. Dos en particular llaman la atenci\u00f3n. El que hizo que recuperase la pierna gangrenada un joven que iba a verla amputada. Y el obrado con un maltrecho paral\u00edtico que viv\u00eda de la limosna de los parroquianos y que pudo caminar s\u00fabitamente. Jos\u00e9 vaticin\u00f3 su propia muerte, que se produjo el 23 de marzo de 1702 a consecuencia de una pleures\u00eda cuando ten\u00eda 52 a\u00f1os. Sus postreros instantes discurrieron en una habitaci\u00f3n que le prest\u00f3 un cuchillero. Se hallaba rodeado de la gente del barrio que tanto cari\u00f1o le profesaba, de amigos sacerdotes y seglares. Desde la escolan\u00eda de la capilla del Palau cantaban en ese momento, como \u00e9l hab\u00eda solicitado, el Stabat Mater. P\u00edo VII lo beatific\u00f3 el 21 de septiembre de 1806. P\u00edo X lo canoniz\u00f3 el 20 de mayo de 1909.<\/p>\n<p><span class=\"et_bloom_bottom_trigger\"><\/span><\/p>\n<p><a href=\"https:\/\/es.zenit.org\/\" target=\"_blank\" rel=\"nofollow\">Fuente: es.zenit.org<\/a><\/p>\n","protected":false},"excerpt":{"rendered":"<p>&nbsp; (ZENIT &#8211; Madrid).- Dios concedi\u00f3 muchos dones a este santo nacido en Barcelona, Espa\u00f1a, el 6 de mayo de 1650. Entre otros, el de la direcci\u00f3n espiritual y el de la penetraci\u00f3n de corazones. Era un maestro en el cultivo de la pobreza y de la oraci\u00f3n, que efectuaba postrado durante horas ante el &hellip; <a href=\"https:\/\/www.biblia.work\/noticias\/san-jose-oriol-23-de-marzo-2\/\" class=\"more-link\">Continuar leyendo<span class=\"screen-reader-text\"> \u00abSan Jos\u00e9 Oriol \u2013 23 de marzo\u00bb<\/span><\/a><\/p>\n","protected":false},"author":1,"featured_media":0,"comment_status":"open","ping_status":"closed","sticky":false,"template":"","format":"standard","meta":{"footnotes":""},"categories":[1],"tags":[],"class_list":["post-12959","post","type-post","status-publish","format-standard","hentry","category-general"],"_links":{"self":[{"href":"https:\/\/www.biblia.work\/noticias\/wp-json\/wp\/v2\/posts\/12959","targetHints":{"allow":["GET"]}}],"collection":[{"href":"https:\/\/www.biblia.work\/noticias\/wp-json\/wp\/v2\/posts"}],"about":[{"href":"https:\/\/www.biblia.work\/noticias\/wp-json\/wp\/v2\/types\/post"}],"author":[{"embeddable":true,"href":"https:\/\/www.biblia.work\/noticias\/wp-json\/wp\/v2\/users\/1"}],"replies":[{"embeddable":true,"href":"https:\/\/www.biblia.work\/noticias\/wp-json\/wp\/v2\/comments?post=12959"}],"version-history":[{"count":0,"href":"https:\/\/www.biblia.work\/noticias\/wp-json\/wp\/v2\/posts\/12959\/revisions"}],"wp:attachment":[{"href":"https:\/\/www.biblia.work\/noticias\/wp-json\/wp\/v2\/media?parent=12959"}],"wp:term":[{"taxonomy":"category","embeddable":true,"href":"https:\/\/www.biblia.work\/noticias\/wp-json\/wp\/v2\/categories?post=12959"},{"taxonomy":"post_tag","embeddable":true,"href":"https:\/\/www.biblia.work\/noticias\/wp-json\/wp\/v2\/tags?post=12959"}],"curies":[{"name":"wp","href":"https:\/\/api.w.org\/{rel}","templated":true}]}}