{"id":12962,"date":"2017-03-22T15:15:04","date_gmt":"2017-03-22T20:15:04","guid":{"rendered":"http:\/\/www.biblia.work\/noticias\/el-papa-envia-un-videomensaje-a-los-jovenes-invitandolos-a-la-jmj-2019-de-panama\/"},"modified":"2017-03-22T15:15:04","modified_gmt":"2017-03-22T20:15:04","slug":"el-papa-envia-un-videomensaje-a-los-jovenes-invitandolos-a-la-jmj-2019-de-panama","status":"publish","type":"post","link":"https:\/\/www.biblia.work\/noticias\/el-papa-envia-un-videomensaje-a-los-jovenes-invitandolos-a-la-jmj-2019-de-panama\/","title":{"rendered":"El Papa env\u00eda un videomensaje a los j\u00f3venes invit\u00e1ndolos a la JMJ 2019 de Panam\u00e1"},"content":{"rendered":"<p style=\"text-align: justify\">(ZENIT \u2013 Ciudad del Vaticano, 21 Mar. 2017).- Romper las barreras del inmovilismo con los planteos, sue\u00f1os e ideales, para abrir caminos hacia un mundo mejor, m\u00e1s justo, menos cruel y m\u00e1s humano, cultivando para ello una relaci\u00f3n de familiaridad y amistad con la Virgen santa. Este es la propuesta que el santo padre Francisco hace a los j\u00f3venes que van a participar a la Jornada Mundial de la Juventud 2019 en Panam\u00e1, a trav\u00e9s de un video enviado a los organizadores, en el cual el Papa asegura: \u201cSi hacen esto no se van a arrepentir\u201d.<\/p>\n<p style=\"text-align: justify\">&nbsp;<\/p>\n<p style=\"text-align: justify\">\n<p style=\"text-align: justify\"><strong>Texto del videomensaje:<\/strong><\/p>\n<p style=\"text-align: justify\">\u201cQueridos j\u00f3venes:<br \/>\nCon el recuerdo lleno de vida de nuestro encuentro en la Jornada Mundial de la Juventud del 2016 en Cracovia, nos hemos puesto en camino hacia la pr\u00f3xima meta que ser\u00e1, Dios mediante, Panam\u00e1 en el 2019.<\/p>\n<p style=\"text-align: justify\">Son muy importantes para m\u00ed estos momentos de encuentro y di\u00e1logo con ustedes, y quise que este itinerario se hiciera en sinton\u00eda con la preparaci\u00f3n del pr\u00f3ximo S\u00ednodo de los Obispos, que est\u00e1 dedicado a ustedes, los j\u00f3venes.<\/p>\n<p style=\"text-align: justify\">En este caminar nos acompa\u00f1a Nuestra Madre, la Virgen Mar\u00eda, y nos anima con su fe, la misma fe que ella expresa en su canto de alabanza. Mar\u00eda dice: \u00abEl Todopoderoso ha hecho cosas grandes en m\u00ed\u00bb (Lc 1,49). Ella sabe dar gracias a Dios, que se fij\u00f3 en su peque\u00f1ez, y reconoce las cosas grandes que \u00e9l realiza en su vida; y se pone en camino para encontrar a su prima Isabel, anciana y necesitada de su cercan\u00eda.<\/p>\n<p style=\"text-align: justify\">No se queda encerrada en casa, porque no es una joven-sof\u00e1, que busque sentirse c\u00f3moda y segura sin que nadie la moleste. Ella se mueve por fe, porque la fe es el coraz\u00f3n de toda la historia de nuestra Madre.<\/p>\n<p style=\"text-align: justify\">Queridos j\u00f3venes: Tambi\u00e9n Dios se fija en ustedes y los llama, y cuando lo hace est\u00e1 mirando todo el amor que son capaces de ofrecer. Como la joven de Nazaret, pueden mejorar el mundo, para dejar una huella que marque la historia, la de ustedes y la de muchos. La Iglesia y la sociedad los necesitan.<\/p>\n<p style=\"text-align: justify\">Con sus planteos, con el coraje que tienen, con su sue\u00f1os e ideales, se caen los muros del inmovilismo y se abren caminos que nos llevan a un mundo mejor, m\u00e1s justo, menos cruel y m\u00e1s humano.<\/p>\n<p style=\"text-align: justify\">En este camino, los animo a que cultiven una relaci\u00f3n de familiaridad y amistad con la Virgen santa. Es nuestra Madre. H\u00e1blenle como a una Madre. Con ella, den gracias por el don precioso de la fe que han recibido de sus mayores, y encomi\u00e9ndenle a ella toda su vida.<\/p>\n<p style=\"text-align: justify\">Como Madre buena los escucha, los abraza, los quiere, camina con ustedes. Les aseguro que si hacen esto no se van a arrepentir.<\/p>\n<p style=\"text-align: justify\">Buen peregrinaje hacia la Jornada Mundial de la Juventud de 2019. Que Dios los bendiga\u201d.<\/p>\n<p><span class=\"et_bloom_bottom_trigger\"><\/span><\/p>\n<p><a href=\"https:\/\/es.zenit.org\/\" target=\"_blank\" rel=\"nofollow\">Fuente: es.zenit.org<\/a><\/p>\n","protected":false},"excerpt":{"rendered":"<p>(ZENIT \u2013 Ciudad del Vaticano, 21 Mar. 2017).- Romper las barreras del inmovilismo con los planteos, sue\u00f1os e ideales, para abrir caminos hacia un mundo mejor, m\u00e1s justo, menos cruel y m\u00e1s humano, cultivando para ello una relaci\u00f3n de familiaridad y amistad con la Virgen santa. Este es la propuesta que el santo padre Francisco &hellip; <a href=\"https:\/\/www.biblia.work\/noticias\/el-papa-envia-un-videomensaje-a-los-jovenes-invitandolos-a-la-jmj-2019-de-panama\/\" class=\"more-link\">Continuar leyendo<span class=\"screen-reader-text\"> \u00abEl Papa env\u00eda un videomensaje a los j\u00f3venes invit\u00e1ndolos a la JMJ 2019 de Panam\u00e1\u00bb<\/span><\/a><\/p>\n","protected":false},"author":1,"featured_media":0,"comment_status":"open","ping_status":"closed","sticky":false,"template":"","format":"standard","meta":{"footnotes":""},"categories":[1],"tags":[],"class_list":["post-12962","post","type-post","status-publish","format-standard","hentry","category-general"],"_links":{"self":[{"href":"https:\/\/www.biblia.work\/noticias\/wp-json\/wp\/v2\/posts\/12962","targetHints":{"allow":["GET"]}}],"collection":[{"href":"https:\/\/www.biblia.work\/noticias\/wp-json\/wp\/v2\/posts"}],"about":[{"href":"https:\/\/www.biblia.work\/noticias\/wp-json\/wp\/v2\/types\/post"}],"author":[{"embeddable":true,"href":"https:\/\/www.biblia.work\/noticias\/wp-json\/wp\/v2\/users\/1"}],"replies":[{"embeddable":true,"href":"https:\/\/www.biblia.work\/noticias\/wp-json\/wp\/v2\/comments?post=12962"}],"version-history":[{"count":0,"href":"https:\/\/www.biblia.work\/noticias\/wp-json\/wp\/v2\/posts\/12962\/revisions"}],"wp:attachment":[{"href":"https:\/\/www.biblia.work\/noticias\/wp-json\/wp\/v2\/media?parent=12962"}],"wp:term":[{"taxonomy":"category","embeddable":true,"href":"https:\/\/www.biblia.work\/noticias\/wp-json\/wp\/v2\/categories?post=12962"},{"taxonomy":"post_tag","embeddable":true,"href":"https:\/\/www.biblia.work\/noticias\/wp-json\/wp\/v2\/tags?post=12962"}],"curies":[{"name":"wp","href":"https:\/\/api.w.org\/{rel}","templated":true}]}}