{"id":12963,"date":"2017-03-22T15:15:05","date_gmt":"2017-03-22T20:15:05","guid":{"rendered":"http:\/\/www.biblia.work\/noticias\/los-obispos-de-el-salvador-conversamos-dos-horas-con-el-papa-francisco-entrevista-a-mons-colindres-abarca\/"},"modified":"2017-03-22T15:15:05","modified_gmt":"2017-03-22T20:15:05","slug":"los-obispos-de-el-salvador-conversamos-dos-horas-con-el-papa-francisco-entrevista-a-mons-colindres-abarca","status":"publish","type":"post","link":"https:\/\/www.biblia.work\/noticias\/los-obispos-de-el-salvador-conversamos-dos-horas-con-el-papa-francisco-entrevista-a-mons-colindres-abarca\/","title":{"rendered":"\u201cLos obispos de El Salvador conversamos dos horas con el papa Francisco\u201d. Entrevista a Mons. Colindres Abarca"},"content":{"rendered":"<p style=\"text-align: justify\">(ZENIT \u2013 Roma, 21 Mar. 2017).- El encuentro que hemos tenido este lunes con el Santo Padre \u201cha sido espectacular, el Papa nos ha recibido por casi dos horas en una reuni\u00f3n sin agenda. El clima ha sido de gran fraternidad y unidad con el Pont\u00edfice\u201d.<\/p>\n<p style=\"text-align: justify\">Lo indic\u00f3 Mons. Fabio Reynaldo Colindres Abarca, obispo de la di\u00f3cesis castrense del Salvador y portavoz de los obispos, al conversar hoy con ZENIT, en el marco de la visita ad l\u00edmina que realizan a Roma, generalmente cada cinco a\u00f1os.<\/p>\n<p style=\"text-align: justify\">\u201cCada uno de nosotros -a\u00f1adi\u00f3 el obispo Colindres Abarca- expres\u00f3 la realidad de sus propias di\u00f3cesis, el Papa nos ha animado a seguir adelante con entusiasmo, con amor y ha insistido mucho en la misericordia. En cada caso dif\u00edcil del que nosotros le hemos podido hablar\u201d.<\/p>\n<p style=\"text-align: justify\">Se\u00f1al\u00f3 que el Santo Padre \u201cexpres\u00f3 su alegr\u00eda por la beatificaci\u00f3n de Mons. Oscar Arnulfo Romero, martir salvadore\u00f1o pero ahora conocido a nivel mundial\u201d; que \u201cal ser beato, para la canonizaci\u00f3n falta solamente un milagro\u201d. Y revel\u00f3 que \u201chay un milagro que va por muy buen camino, tiene aprobaci\u00f3n local y est\u00e1 en estudio en Roma\u201d.<\/p>\n<p style=\"text-align: justify\">Mons. Romero naci\u00f3 en 1917. Siendo arzobispo denunci\u00f3 durante la dictadura militar la violaci\u00f3n de los derechos humanos. Fue asesinado mientras celebraba la misa el 24 de marzo de 1980 por un subsargento de la extinta Guardia Nacional. Diez a\u00f1os m\u00e1s tarde inici\u00f3 la causa de canonizaci\u00f3n y fue declarado beato el 23 de mayo de 2015, por el cardenal Angelo Amato. Es el primer beato de El Salvador y el primer arzobispo m\u00e1rtir de Am\u00e9rica.<\/p>\n<p style=\"text-align: justify\">\u201cLe hemos pedido al Papa todos &#8211;se\u00f1al\u00f3 Mons. Colindres&#8211; como conferencia episcopal, que nos visite en El Salvador y que canonice all\u00e1 al beato Romero. El Santo Padre sonri\u00f3 con mucho cari\u00f1o expresando su beneplacito sin comprometerse ni anticipar nada\u201d. Y reiter\u00f3 que el Papa \u201cno ha hablado en ning\u00fan momento de una fecha de canonizaci\u00f3n o para una visita a El Salvador, pero s\u00ed que desea que esto pueda realizarse\u201d.<\/p>\n<p style=\"text-align: justify\">Interrogado sobre las dificultades que sufre El Salvador, Mons. Colindres Abarca precis\u00f3 que \u201cel principal problema en nuestro pa\u00eds es la violencia que genera much\u00edsima pobreza, inestablidad social, en la familia y en el matrimonio. Y el reto que esto supone para la Iglesia y para la Conferencia Episcopal es educar en una fe s\u00f3lidad, en una doctrina profunda, y en la doctrina social de la Iglesia\u201d.<\/p>\n<p style=\"text-align: justify\">O sea que \u201cel tema fundamental de fondo es la reconciliaci\u00f3n en medio de esta violencia\u201d, sea como secuela \u201cde las guerras que hemos vivido, as\u00ed como de las incomodidades sociales, politizaci\u00f3n y polarizaci\u00f3n de todos los temas a nivel nacional\u201d. Subray\u00f3 s\u00ed que \u201cnuestra gente es pobre y humilde pero es un pueblo que tiene una gran riqueza: su fe\u201d.<\/p>\n<p style=\"text-align: justify\">\u201cVisitaremos a\u00fan varias Congregaciones y santuarios en Roma. Hoy estuvimos en la Congregaci\u00f3n de los Obisos y en la de la Cocrina de la Fe\u201d indic\u00f3, y a\u00f1adi\u00f3 que adem\u00e1s tomar\u00e1n contacto con la comunidad de los salvadore\u00f1os residentes en Roma.<\/p>\n<p style=\"text-align: justify\">La visita ad l\u00edmina, en la que los obispos salvadore\u00f1os visitan y renuevan su fidelidad al Papa y ante la tumba de los ap\u00f3stoles Pedro y Pablo, concluye este pr\u00f3ximo s\u00e1bado 25 de marzo.<\/p>\n<p><span class=\"et_bloom_bottom_trigger\"><\/span><\/p>\n<p><a href=\"https:\/\/es.zenit.org\/\" target=\"_blank\" rel=\"nofollow\">Fuente: es.zenit.org<\/a><\/p>\n","protected":false},"excerpt":{"rendered":"<p>(ZENIT \u2013 Roma, 21 Mar. 2017).- El encuentro que hemos tenido este lunes con el Santo Padre \u201cha sido espectacular, el Papa nos ha recibido por casi dos horas en una reuni\u00f3n sin agenda. El clima ha sido de gran fraternidad y unidad con el Pont\u00edfice\u201d. Lo indic\u00f3 Mons. Fabio Reynaldo Colindres Abarca, obispo de &hellip; <a href=\"https:\/\/www.biblia.work\/noticias\/los-obispos-de-el-salvador-conversamos-dos-horas-con-el-papa-francisco-entrevista-a-mons-colindres-abarca\/\" class=\"more-link\">Continuar leyendo<span class=\"screen-reader-text\"> \u00ab\u201cLos obispos de El Salvador conversamos dos horas con el papa Francisco\u201d. Entrevista a Mons. Colindres Abarca\u00bb<\/span><\/a><\/p>\n","protected":false},"author":1,"featured_media":0,"comment_status":"open","ping_status":"closed","sticky":false,"template":"","format":"standard","meta":{"footnotes":""},"categories":[1],"tags":[],"class_list":["post-12963","post","type-post","status-publish","format-standard","hentry","category-general"],"_links":{"self":[{"href":"https:\/\/www.biblia.work\/noticias\/wp-json\/wp\/v2\/posts\/12963","targetHints":{"allow":["GET"]}}],"collection":[{"href":"https:\/\/www.biblia.work\/noticias\/wp-json\/wp\/v2\/posts"}],"about":[{"href":"https:\/\/www.biblia.work\/noticias\/wp-json\/wp\/v2\/types\/post"}],"author":[{"embeddable":true,"href":"https:\/\/www.biblia.work\/noticias\/wp-json\/wp\/v2\/users\/1"}],"replies":[{"embeddable":true,"href":"https:\/\/www.biblia.work\/noticias\/wp-json\/wp\/v2\/comments?post=12963"}],"version-history":[{"count":0,"href":"https:\/\/www.biblia.work\/noticias\/wp-json\/wp\/v2\/posts\/12963\/revisions"}],"wp:attachment":[{"href":"https:\/\/www.biblia.work\/noticias\/wp-json\/wp\/v2\/media?parent=12963"}],"wp:term":[{"taxonomy":"category","embeddable":true,"href":"https:\/\/www.biblia.work\/noticias\/wp-json\/wp\/v2\/categories?post=12963"},{"taxonomy":"post_tag","embeddable":true,"href":"https:\/\/www.biblia.work\/noticias\/wp-json\/wp\/v2\/tags?post=12963"}],"curies":[{"name":"wp","href":"https:\/\/api.w.org\/{rel}","templated":true}]}}