{"id":12964,"date":"2017-03-22T15:15:05","date_gmt":"2017-03-22T20:15:05","guid":{"rendered":"http:\/\/www.biblia.work\/noticias\/las-hermanas-de-madre-teresa-esperaban-a-un-sacerdote-para-el-retiro-y-en-cambio-llego-el-santo-padre\/"},"modified":"2017-03-22T15:15:05","modified_gmt":"2017-03-22T20:15:05","slug":"las-hermanas-de-madre-teresa-esperaban-a-un-sacerdote-para-el-retiro-y-en-cambio-llego-el-santo-padre","status":"publish","type":"post","link":"https:\/\/www.biblia.work\/noticias\/las-hermanas-de-madre-teresa-esperaban-a-un-sacerdote-para-el-retiro-y-en-cambio-llego-el-santo-padre\/","title":{"rendered":"Las hermanas de Madre Teresa esperaban a un sacerdote para el retiro y en cambio lleg\u00f3 el Santo Padre"},"content":{"rendered":"<p style=\"text-align: justify\">(ZENIT &#8211; Roma, 21 Mar. 2017). Las hermanas de la Caridad esperaban este martes 14 de marzo, la llegada de un sacerdote para la predicaci\u00f3n de los ejercicios espirituales. La sorpresa fue en cambio que vieron llegar al santo padre Francisco.<\/p>\n<p style=\"text-align: justify\">Las hermanas de la caridad de Santa Juana Antida Thouret recibier\u00f3n as\u00ed al papa Francesco en su casa romana ubicada en via santa Maria in Cosmedin, 5.<\/p>\n<p style=\"text-align: justify\">La Congregaci\u00f3n divulg\u00f3 la noticia esta semana, <span style=\"color: #3366ff\"><a style=\"color: #3366ff\" href=\"http:\/\/www.suoredellacarita.org\">en su web <\/a><\/span>indicando que &#8220;El martes 14 de marzo por la tarde tuvimos la alegr\u00eda de tener entre nosotros al papa Francisco&#8221;. Y a\u00f1aden que &#8220;con \u00e9l rezamos y dialogamos. Alabamos al Se\u00f1or y le agradecemos por esta inmensa gracia que reserv\u00f3 para nuestra congregaci\u00f3n.<\/p>\n<p style=\"text-align: justify\">El Santo Padre lleg\u00f3 acompa\u00f1ado solamente por el chofer y el sacerdote que efectivamente ten\u00eda que rezar los ejercicios espirituales. El encuentro dur\u00f3 algunas horas porque el Papa estuvo conversando con las consagradas, sobre sus vidas y sus problemas y despu\u00e9s en la capilla les predico un retiro de cuaresma.<\/p>\n<p style=\"text-align: justify\">&#8220;Con \u00e9l &#8211;escriben las religiosas en su web&#8211; hemos rezado y dialogado. Alabamos al Se\u00f1or y le agradecemos por esta inmensa gracia que ha reservado a toda nuestra Congregaci\u00f3n&#8221;.<\/p>\n<p><span class=\"et_bloom_bottom_trigger\"><\/span><\/p>\n<p><a href=\"https:\/\/es.zenit.org\/\" target=\"_blank\" rel=\"nofollow\">Fuente: es.zenit.org<\/a><\/p>\n","protected":false},"excerpt":{"rendered":"<p>(ZENIT &#8211; Roma, 21 Mar. 2017). Las hermanas de la Caridad esperaban este martes 14 de marzo, la llegada de un sacerdote para la predicaci\u00f3n de los ejercicios espirituales. La sorpresa fue en cambio que vieron llegar al santo padre Francisco. Las hermanas de la caridad de Santa Juana Antida Thouret recibier\u00f3n as\u00ed al papa &hellip; <a href=\"https:\/\/www.biblia.work\/noticias\/las-hermanas-de-madre-teresa-esperaban-a-un-sacerdote-para-el-retiro-y-en-cambio-llego-el-santo-padre\/\" class=\"more-link\">Continuar leyendo<span class=\"screen-reader-text\"> \u00abLas hermanas de Madre Teresa esperaban a un sacerdote para el retiro y en cambio lleg\u00f3 el Santo Padre\u00bb<\/span><\/a><\/p>\n","protected":false},"author":1,"featured_media":0,"comment_status":"open","ping_status":"closed","sticky":false,"template":"","format":"standard","meta":{"footnotes":""},"categories":[1],"tags":[],"class_list":["post-12964","post","type-post","status-publish","format-standard","hentry","category-general"],"_links":{"self":[{"href":"https:\/\/www.biblia.work\/noticias\/wp-json\/wp\/v2\/posts\/12964","targetHints":{"allow":["GET"]}}],"collection":[{"href":"https:\/\/www.biblia.work\/noticias\/wp-json\/wp\/v2\/posts"}],"about":[{"href":"https:\/\/www.biblia.work\/noticias\/wp-json\/wp\/v2\/types\/post"}],"author":[{"embeddable":true,"href":"https:\/\/www.biblia.work\/noticias\/wp-json\/wp\/v2\/users\/1"}],"replies":[{"embeddable":true,"href":"https:\/\/www.biblia.work\/noticias\/wp-json\/wp\/v2\/comments?post=12964"}],"version-history":[{"count":0,"href":"https:\/\/www.biblia.work\/noticias\/wp-json\/wp\/v2\/posts\/12964\/revisions"}],"wp:attachment":[{"href":"https:\/\/www.biblia.work\/noticias\/wp-json\/wp\/v2\/media?parent=12964"}],"wp:term":[{"taxonomy":"category","embeddable":true,"href":"https:\/\/www.biblia.work\/noticias\/wp-json\/wp\/v2\/categories?post=12964"},{"taxonomy":"post_tag","embeddable":true,"href":"https:\/\/www.biblia.work\/noticias\/wp-json\/wp\/v2\/tags?post=12964"}],"curies":[{"name":"wp","href":"https:\/\/api.w.org\/{rel}","templated":true}]}}