{"id":12966,"date":"2017-03-22T15:15:05","date_gmt":"2017-03-22T20:15:05","guid":{"rendered":"http:\/\/www.biblia.work\/noticias\/cuarto-domingo-de-cuaresma\/"},"modified":"2017-03-22T15:15:05","modified_gmt":"2017-03-22T20:15:05","slug":"cuarto-domingo-de-cuaresma","status":"publish","type":"post","link":"https:\/\/www.biblia.work\/noticias\/cuarto-domingo-de-cuaresma\/","title":{"rendered":"Cuarto domingo de Cuaresma"},"content":{"rendered":"<p style=\"text-align: justify\"><span style=\"font-family: 'Times New Roman', serif\"><span style=\"font-size: large\"><span style=\"color: #333333\"><span lang=\"es-MX\">P. Antonio Rivero, L.C. Doctor en Teolog\u00eda Espiritual, profesor de Humanidades Cl\u00e1sicas en el Centro de Noviciado y Humanidades y Ciencias de la Legi\u00f3n de Cristo en Monterrey (M\u00e9xico).<\/span><\/span><\/span><\/span><\/p>\n<p align=\"JUSTIFY\"><a name=\"_GoBack\"><\/a><span style=\"font-family: 'Times New Roman', serif\"><span style=\"font-size: large\"><b>Idea principal: <\/b>La <i>ceguera<\/i> del cuerpo y la <i>ceguera<\/i> del alma. Cristo es la luz para ver.<\/span><\/span><\/p>\n<p align=\"JUSTIFY\"><span style=\"font-family: 'Times New Roman', serif\"><span style=\"font-size: large\"><b>Resumen del mensaje<\/b>: En su encuentro con la samaritana, Jes\u00fas nos habl\u00f3 del misterio de la vida sobrenatural por medio del s\u00edmbolo del agua (domingo pasado). Hoy nos habla de la victoria de la luz divina sobre las tinieblas del pecado por medio del s\u00edmbolo de la enfermedad y de la <i>ceguera<\/i> (evangelio). S\u00f3lo as\u00ed, curados de la <i>ceguera<\/i>, viviremos como hijos de la luz y daremos frutos de luz: bondad, justicia, pureza, caridad y verdad (segunda lectura). S\u00f3lo as\u00ed conservaremos la unci\u00f3n de nuestro bautismo donde Dios nos hizo part\u00edcipe de su gracia y nos abri\u00f3 los ojos a su luz, libr\u00e1ndonos de la <i>ceguera<\/i> (primera lectura). <\/span><\/span><\/p>\n<p align=\"JUSTIFY\"><span style=\"font-family: 'Times New Roman', serif\"><span style=\"font-size: large\"><b>Puntos de la idea principal<\/b>:<\/span><\/span><\/p>\n<p align=\"JUSTIFY\"><span style=\"font-family: 'Times New Roman', serif\"><span style=\"font-size: large\"><i><b>En primer lugar<\/b><\/i>, la Cuaresma es un llamado a hacer una buena confesi\u00f3n de nuestros pecados, pues ellos son la causa de nuestra <i>ceguera<\/i> espiritual. El pecado nubla y ofusca nuestra mente, mancha y prostituye nuestra afectividad, y debilita nuestra voluntad. Y as\u00ed enfermamos de <i>ceguera<\/i> espiritual, de apat\u00eda an\u00edmica y de depresi\u00f3n, como ese ciego de nacimiento (evangelio), que estaba tirado afuera del templo pidiendo limosna. Jes\u00fas exige acercarnos a \u00c9l con fe, gritar con confianza y obedecerle cuando nos manda bajar a ba\u00f1arnos en la piscina de Silo\u00e9 de la confesi\u00f3n. Este ciego, ya curado de la <i>ceguera<\/i>, tiene un proceso de <i>visi\u00f3n<\/i> impresionante: primero confiesa a Jes\u00fas como \u201cese hombre\u201d; despu\u00e9s lo reconoce como \u201cprofeta\u201d; y finalmente, como Dios. Se abri\u00f3 al don de la fe que Jes\u00fas le ofreci\u00f3. <\/span><\/span><\/p>\n<p align=\"JUSTIFY\"><span style=\"font-family: 'Times New Roman', serif\"><span style=\"font-size: large\"><i><b>En segundo lugar<\/b><\/i>, Jes\u00fas presenta su misi\u00f3n salv\u00edfica como un dram\u00e1tico conflicto entre la luz y las tinieblas. El mundo malvado se esfuerza por apagar la Luz de Cristo, porque los hombres que lo integran prefieren las tinieblas a la luz, ya que sus obras son malas. La hora de la pasi\u00f3n que viviremos en la Semana Santa es la \u201chora de las tinieblas\u201d por antonomasia. Nosotros tenemos que ser hijos de la luz y por ello caminar en la luz (segunda lectura). Tenemos que acudir a esa piscina de Silo\u00e9 que es la confesi\u00f3n, para que Cristo nos cure de la <i>ceguera<\/i> espiritual, que nos impide ver las cosas desde Dios y como Dios. S\u00f3lo los fariseos de coraz\u00f3n seguir\u00e1n ciegos, porque no quieren aceptar a Jes\u00fas. Engre\u00eddos, no quisieron dejarse iluminar por Jes\u00fas. Cre\u00edan ver, poseer el recto conocimiento de Dios; pero en realidad, al cerrar los ojos a la luz, que es Cristo, van a su perdici\u00f3n. En cambio, el ciego, imagen del hombre sencillo y recto, se abre a la fe, recuperando la vista; as\u00ed reconoce a Jes\u00fas como salvador, y se salva. <\/span><\/span><\/p>\n<p align=\"JUSTIFY\"><span style=\"font-family: 'Times New Roman', serif\"><span style=\"font-size: large\"><i><b>Finalmente<\/b><\/i>, cada uno de nosotros debemos acercarnos a Cristo Luz que quiere iluminar nuestra vida, nuestra alma, nuestros proyectos, nuestras empresas. Cristo quiere curarme de mi hipermetrop\u00eda, de mi presbicia, de mi miop\u00eda, de mi daltonismo. S\u00f3lo debo acercarme a la confesi\u00f3n, confesar mis pecados, aceptar su perd\u00f3n y salir con una vida nueva, con ojos curados. \u201cNo hay peor ciego que el que no quiere ver\u201d. <\/span><\/span><\/p>\n<h3 class=\"western\" align=\"JUSTIFY\"><span style=\"font-family: 'Times New Roman', serif\"><span style=\"font-size: large\">Para reflexionar: \u00bfnos dejamos penetrar por la luz de Cristo? \u00bfNos reconocemos <i>ciegos<\/i> de nacimiento, por culpa del pecado? \u00bfCada cuanto nos confesamos? \u00bfLlevamos la luz de Cristo a nuestros hermanos que est\u00e1n todav\u00eda ciegos? \u00bfQu\u00e9 frutos de luz estamos dando a nuestro alrededor?<\/span><\/span><\/h3>\n<h3 class=\"western\" align=\"JUSTIFY\"><\/h3>\n<h3 class=\"western\" align=\"JUSTIFY\"><span style=\"font-family: 'Times New Roman', serif\"><span style=\"font-size: large\">Para rezar: Se\u00f1or, c\u00farame de mi ceguera interior. Ponme el colirio de tu gracia para que pueda ver tu mano en todas las cosas y tu imagen en mis hermanos. Y al mismo tiempo, pueda vislumbrar desde lejos las tretas oscuros de los enemigos de mi alma y huir de ellos. T\u00fa eres mi Luz, y en tu luz caminar\u00e9 siempre. Quiero cantar con el salmo 26: <i>\u201c<\/i><i>El Se\u00f1or es mi luz y mi salvaci\u00f3n, \u00bfa qui\u00e9n temer\u00e9? El Se\u00f1or es la defensa de mi vida, \u00bfqui\u00e9n me har\u00e1 temblar?\u201d.<\/i> Am\u00e9n.<\/span><\/span><\/h3>\n<h3 class=\"western\" align=\"JUSTIFY\"><\/h3>\n<p><span class=\"et_bloom_bottom_trigger\"><\/span><\/p>\n<p><a href=\"https:\/\/es.zenit.org\/\" target=\"_blank\" rel=\"nofollow\">Fuente: es.zenit.org<\/a><\/p>\n","protected":false},"excerpt":{"rendered":"<p>P. Antonio Rivero, L.C. Doctor en Teolog\u00eda Espiritual, profesor de Humanidades Cl\u00e1sicas en el Centro de Noviciado y Humanidades y Ciencias de la Legi\u00f3n de Cristo en Monterrey (M\u00e9xico). Idea principal: La ceguera del cuerpo y la ceguera del alma. Cristo es la luz para ver. Resumen del mensaje: En su encuentro con la samaritana, &hellip; <a href=\"https:\/\/www.biblia.work\/noticias\/cuarto-domingo-de-cuaresma\/\" class=\"more-link\">Continuar leyendo<span class=\"screen-reader-text\"> \u00abCuarto domingo de Cuaresma\u00bb<\/span><\/a><\/p>\n","protected":false},"author":1,"featured_media":0,"comment_status":"open","ping_status":"closed","sticky":false,"template":"","format":"standard","meta":{"footnotes":""},"categories":[1],"tags":[],"class_list":["post-12966","post","type-post","status-publish","format-standard","hentry","category-general"],"_links":{"self":[{"href":"https:\/\/www.biblia.work\/noticias\/wp-json\/wp\/v2\/posts\/12966","targetHints":{"allow":["GET"]}}],"collection":[{"href":"https:\/\/www.biblia.work\/noticias\/wp-json\/wp\/v2\/posts"}],"about":[{"href":"https:\/\/www.biblia.work\/noticias\/wp-json\/wp\/v2\/types\/post"}],"author":[{"embeddable":true,"href":"https:\/\/www.biblia.work\/noticias\/wp-json\/wp\/v2\/users\/1"}],"replies":[{"embeddable":true,"href":"https:\/\/www.biblia.work\/noticias\/wp-json\/wp\/v2\/comments?post=12966"}],"version-history":[{"count":0,"href":"https:\/\/www.biblia.work\/noticias\/wp-json\/wp\/v2\/posts\/12966\/revisions"}],"wp:attachment":[{"href":"https:\/\/www.biblia.work\/noticias\/wp-json\/wp\/v2\/media?parent=12966"}],"wp:term":[{"taxonomy":"category","embeddable":true,"href":"https:\/\/www.biblia.work\/noticias\/wp-json\/wp\/v2\/categories?post=12966"},{"taxonomy":"post_tag","embeddable":true,"href":"https:\/\/www.biblia.work\/noticias\/wp-json\/wp\/v2\/tags?post=12966"}],"curies":[{"name":"wp","href":"https:\/\/api.w.org\/{rel}","templated":true}]}}