{"id":12967,"date":"2017-03-22T15:15:06","date_gmt":"2017-03-22T20:15:06","guid":{"rendered":"http:\/\/www.biblia.work\/noticias\/el-papa-francisco-es-el-cuarto-pontifice-que-peregrina-a-fatima\/"},"modified":"2017-03-22T15:15:06","modified_gmt":"2017-03-22T20:15:06","slug":"el-papa-francisco-es-el-cuarto-pontifice-que-peregrina-a-fatima","status":"publish","type":"post","link":"https:\/\/www.biblia.work\/noticias\/el-papa-francisco-es-el-cuarto-pontifice-que-peregrina-a-fatima\/","title":{"rendered":"El papa Francisco es el cuarto Pont\u00edfice que peregrina a F\u00e1tima"},"content":{"rendered":"<p style=\"text-align: justify\">(ZENIT &#8211; Ciudad del Vaticano, 20 Mar. 2017).- El programa del viaje del papa Francisco al santuario de Nuestra Se\u00f1ora de F\u00e1tima, publicado este lunes por la Oficina de prensa de la Santa Sede, confirma que la visita durar\u00e1 dos d\u00edas.<\/p>\n<p style=\"text-align: justify\">Francisco ser\u00e1 el cuarto pont\u00edfice que visita el Santuario, despu\u00e9s de Pablo VI en 1969; Juan Pablo II en 1982, 1991 y 2000: y Benedicto XVI en el 2010.<\/p>\n<p style=\"text-align: justify\">Con motivo del centenario de la serie de apariciones marianas en Cova de Ir\u00eda, en el Santo Padre llegar\u00e1 el 12 de mayo a Portugal, a las 14 horas, en la base a\u00e9rea de Monte Real, donde a continuaci\u00f3n de la ceremonia de bienvenida estar\u00e1 con el presidente del pa\u00eds, Marcelo Rebelo de Sousa, <span style=\"color: #0000ff\"><a style=\"color: #0000ff\" href=\"https:\/\/es.zenit.org\/articles\/el-presidente-de-portugal-invita-al-papa-por-el-centenario-de-fatima\/\">con quien se encontr\u00f3 este 17 de marzo<\/a><\/span>.<\/p>\n<p style=\"text-align: justify\">De all\u00ed va en helic\u00f3ptero al estadio de F\u00e1tima y\u00a0se dirige en un vehiculo abierto hacia el Santuario. Poco despu\u00e9s de las 18 horas rezar\u00e1 en la Capilla de las Apariciones, realizar\u00e1 la bendici\u00f3n de las velas y presidir\u00e1 el santo rosario.<\/p>\n<p style=\"text-align: justify\">La Capilla de las Apariciones son el coraz\u00f3n del Santuario de F\u00e1tima, lugar en donde los pastorcitos dieron testimonio de las apariciones de la Virgen Mar\u00eda. Fue construida &#8220;por indicaci\u00f3n de la Se\u00f1ora&#8221;, indican las memorias de la hermana Luc\u00eda. Su construcci\u00f3n concluye en junio de 1919 y la primera misa es en 1921.<\/p>\n<p style=\"text-align: justify\">El lugar en donde se encuentra la imagen de Nuestra Se\u00f1ora de F\u00e1tima &#8220;marca el sitio donde estaba la encina sobre la cual la Se\u00f1ora del Rosario se apareci\u00f3&#8221;.<\/p>\n<p style=\"text-align: justify\">El 13 de mayo d\u00eda central de la festividad mariana, el Pont\u00edfice inicia la jornada encontr\u00e1ndose\u00a0 en la Casa del Carmen con el primer ministro del pa\u00eds, Ant\u00f3nio Lu\u00eds Santos da Costa. Despu\u00e9s visitar\u00e1 la iglesia\u00a0Bas\u00edlica de Nuestra Se\u00f1ora del Rosario de F\u00e1tima, donde est\u00e1n las sepulturas de\u00a0los tres pastorcitos de F\u00e1tima, Luc\u00eda, Jacinta y Francisco.<\/p>\n<p style=\"text-align: justify\">A las 10 de la ma\u00f1ana en la explanada\u00a0del Santuario ser\u00e1 el evento central: el Santo Padre preside la misa, hace lahomil\u00eda y al concluir saludar\u00e1 a los enfermos.\u00a0Se espera la presencia devarios cientos de miles de peregrinos.<\/p>\n<p style=\"text-align: justify\">A continuaci\u00f3n del evento religioso el Papa almorzar\u00e1 con los obispos y a las 14,45 retornar\u00e1 hacia Roma. La diferencia de huso horario con Roma es de una hora, y el vuelo durar\u00e1 tres horas.<\/p>\n<p><span class=\"et_bloom_bottom_trigger\"><\/span><\/p>\n<p><a href=\"https:\/\/es.zenit.org\/\" target=\"_blank\" rel=\"nofollow\">Fuente: es.zenit.org<\/a><\/p>\n","protected":false},"excerpt":{"rendered":"<p>(ZENIT &#8211; Ciudad del Vaticano, 20 Mar. 2017).- El programa del viaje del papa Francisco al santuario de Nuestra Se\u00f1ora de F\u00e1tima, publicado este lunes por la Oficina de prensa de la Santa Sede, confirma que la visita durar\u00e1 dos d\u00edas. Francisco ser\u00e1 el cuarto pont\u00edfice que visita el Santuario, despu\u00e9s de Pablo VI en &hellip; <a href=\"https:\/\/www.biblia.work\/noticias\/el-papa-francisco-es-el-cuarto-pontifice-que-peregrina-a-fatima\/\" class=\"more-link\">Continuar leyendo<span class=\"screen-reader-text\"> \u00abEl papa Francisco es el cuarto Pont\u00edfice que peregrina a F\u00e1tima\u00bb<\/span><\/a><\/p>\n","protected":false},"author":1,"featured_media":0,"comment_status":"open","ping_status":"closed","sticky":false,"template":"","format":"standard","meta":{"footnotes":""},"categories":[1],"tags":[],"class_list":["post-12967","post","type-post","status-publish","format-standard","hentry","category-general"],"_links":{"self":[{"href":"https:\/\/www.biblia.work\/noticias\/wp-json\/wp\/v2\/posts\/12967","targetHints":{"allow":["GET"]}}],"collection":[{"href":"https:\/\/www.biblia.work\/noticias\/wp-json\/wp\/v2\/posts"}],"about":[{"href":"https:\/\/www.biblia.work\/noticias\/wp-json\/wp\/v2\/types\/post"}],"author":[{"embeddable":true,"href":"https:\/\/www.biblia.work\/noticias\/wp-json\/wp\/v2\/users\/1"}],"replies":[{"embeddable":true,"href":"https:\/\/www.biblia.work\/noticias\/wp-json\/wp\/v2\/comments?post=12967"}],"version-history":[{"count":0,"href":"https:\/\/www.biblia.work\/noticias\/wp-json\/wp\/v2\/posts\/12967\/revisions"}],"wp:attachment":[{"href":"https:\/\/www.biblia.work\/noticias\/wp-json\/wp\/v2\/media?parent=12967"}],"wp:term":[{"taxonomy":"category","embeddable":true,"href":"https:\/\/www.biblia.work\/noticias\/wp-json\/wp\/v2\/categories?post=12967"},{"taxonomy":"post_tag","embeddable":true,"href":"https:\/\/www.biblia.work\/noticias\/wp-json\/wp\/v2\/tags?post=12967"}],"curies":[{"name":"wp","href":"https:\/\/api.w.org\/{rel}","templated":true}]}}