{"id":12968,"date":"2017-03-22T15:15:06","date_gmt":"2017-03-22T20:15:06","guid":{"rendered":"http:\/\/www.biblia.work\/noticias\/programa-del-papa-francisco-en-fatima\/"},"modified":"2017-03-22T15:15:06","modified_gmt":"2017-03-22T20:15:06","slug":"programa-del-papa-francisco-en-fatima","status":"publish","type":"post","link":"https:\/\/www.biblia.work\/noticias\/programa-del-papa-francisco-en-fatima\/","title":{"rendered":"Programa del papa Francisco en F\u00e1tima"},"content":{"rendered":"<p style=\"text-align: justify\">Programa de la Peregrinaci\u00f3n del papa Francisco al Santuario portugu\u00e9s de Nuestra Se\u00f1ora de F\u00e1tima, el 12 y 13 de mayo, con motivo del centenario de las Apariciones de la Virgen Mar\u00eda a los pastorcitos Luc\u00eda, Jacinta y Francisco, en la Cova da Iria.<\/p>\n<p style=\"text-align: justify\"><strong>Viernes 12 de mayo de 2017<\/strong><\/p>\n<p style=\"text-align: justify\">14.00 Parte el avi\u00f3n desde el aeropuerto de Roma\/Fiumicino hacia\u00a0Portugal<br \/>\n16.20 Llegada a la Base A\u00e9rea de Monte Real &#8211; Ceremonia de bienvenida<br \/>\n16.35 Encuentro privado con el Presidente de la Rep\u00fablica Portuguesa, Marcelo Rebelo de Sousa, en la Base A\u00e9rea de Monte Real<br \/>\n16.55 Visita a la Capilla de la Base A\u00e9rea<br \/>\n17.15 Traslado en helic\u00f3ptero al Estadio municipal de F\u00e1tima<br \/>\n17.35 Llegada al Estadio municipal de F\u00e1tima y traslado en coche descubierto al Santuario<br \/>\n18.15 Visita a la Capilla de las Apariciones<br \/>\n21.30 Bendici\u00f3n de las velas desde la Capilla de las Apariciones &#8211; Rezo del Santo Rosario<\/p>\n<p style=\"text-align: justify\"><strong>S\u00e1bado 13 de mayo de 2017<\/strong><\/p>\n<p style=\"text-align: justify\">9.10 Encuentro con el Primer Ministro en la Casa \u201cN.S. do Carmo\u201d<br \/>\n9.40 Visita a la Bas\u00edlica de Nuestra Se\u00f1ora del Rosario de F\u00e1tima<br \/>\n10.00 Santa Misa en el atrio del Santuario &#8211; Saludo del Santo Padre a los enfermos<br \/>\n12.30 Almuerzo con los obispos de Portugal en la Casa \u201cN.S. do Carmo\u201d<br \/>\n14.45 Ceremonia de despedida en la Base A\u00e9rea de Monte Real<br \/>\n15.00 Salida en avi\u00f3n desde la Base A\u00e9rea de Monte Real hacia Roma<br \/>\n19.05 Llegada al aeropuerto de Roma\/Ciampino<\/p>\n<p><span class=\"et_bloom_bottom_trigger\"><\/span><\/p>\n<p><a href=\"https:\/\/es.zenit.org\/\" target=\"_blank\" rel=\"nofollow\">Fuente: es.zenit.org<\/a><\/p>\n","protected":false},"excerpt":{"rendered":"<p>Programa de la Peregrinaci\u00f3n del papa Francisco al Santuario portugu\u00e9s de Nuestra Se\u00f1ora de F\u00e1tima, el 12 y 13 de mayo, con motivo del centenario de las Apariciones de la Virgen Mar\u00eda a los pastorcitos Luc\u00eda, Jacinta y Francisco, en la Cova da Iria. Viernes 12 de mayo de 2017 14.00 Parte el avi\u00f3n desde &hellip; <a href=\"https:\/\/www.biblia.work\/noticias\/programa-del-papa-francisco-en-fatima\/\" class=\"more-link\">Continuar leyendo<span class=\"screen-reader-text\"> \u00abPrograma del papa Francisco en F\u00e1tima\u00bb<\/span><\/a><\/p>\n","protected":false},"author":1,"featured_media":0,"comment_status":"open","ping_status":"closed","sticky":false,"template":"","format":"standard","meta":{"footnotes":""},"categories":[1],"tags":[],"class_list":["post-12968","post","type-post","status-publish","format-standard","hentry","category-general"],"_links":{"self":[{"href":"https:\/\/www.biblia.work\/noticias\/wp-json\/wp\/v2\/posts\/12968","targetHints":{"allow":["GET"]}}],"collection":[{"href":"https:\/\/www.biblia.work\/noticias\/wp-json\/wp\/v2\/posts"}],"about":[{"href":"https:\/\/www.biblia.work\/noticias\/wp-json\/wp\/v2\/types\/post"}],"author":[{"embeddable":true,"href":"https:\/\/www.biblia.work\/noticias\/wp-json\/wp\/v2\/users\/1"}],"replies":[{"embeddable":true,"href":"https:\/\/www.biblia.work\/noticias\/wp-json\/wp\/v2\/comments?post=12968"}],"version-history":[{"count":0,"href":"https:\/\/www.biblia.work\/noticias\/wp-json\/wp\/v2\/posts\/12968\/revisions"}],"wp:attachment":[{"href":"https:\/\/www.biblia.work\/noticias\/wp-json\/wp\/v2\/media?parent=12968"}],"wp:term":[{"taxonomy":"category","embeddable":true,"href":"https:\/\/www.biblia.work\/noticias\/wp-json\/wp\/v2\/categories?post=12968"},{"taxonomy":"post_tag","embeddable":true,"href":"https:\/\/www.biblia.work\/noticias\/wp-json\/wp\/v2\/tags?post=12968"}],"curies":[{"name":"wp","href":"https:\/\/api.w.org\/{rel}","templated":true}]}}