{"id":12969,"date":"2017-03-22T15:15:06","date_gmt":"2017-03-22T20:15:06","guid":{"rendered":"http:\/\/www.biblia.work\/noticias\/francisco-en-sta-marta-san-jose-de-a-los-jovenes-la-gracia-de-sonar-cosas-grandes\/"},"modified":"2017-03-22T15:15:06","modified_gmt":"2017-03-22T20:15:06","slug":"francisco-en-sta-marta-san-jose-de-a-los-jovenes-la-gracia-de-sonar-cosas-grandes","status":"publish","type":"post","link":"https:\/\/www.biblia.work\/noticias\/francisco-en-sta-marta-san-jose-de-a-los-jovenes-la-gracia-de-sonar-cosas-grandes\/","title":{"rendered":"Francisco en Sta. Marta: San Jos\u00e9 d\u00e9 a los j\u00f3venes la gracia de so\u00f1ar cosas grandes"},"content":{"rendered":"<p style=\"text-align: justify\">(ZENIT &#8211; Ciudad del Vaticano, 20 Mar. 2017).- El d\u00eda despu\u00e9s de la fiesta de San Jos\u00e9, que por caer este domingo de cuaresma vio postergada la celebraci\u00f3n lit\u00fargica a hoy lunes, el papa Francisco celebr\u00f3 la misa su honor en la capilla de la residencia Santa Marta, en el Vaticano.<\/p>\n<p style=\"text-align: justify\">El Pont\u00edficie centr\u00f3 la homil\u00eda en san Jos\u00e9 y pidi\u00f3 que d\u00e9 a los j\u00f3venes \u201cla capacidad de so\u00f1ar, de arriesgar y realizar las tareas dif\u00edciles que han visto en sus sue\u00f1os\u201d. Porque san Jos\u00e9 es custodio de las debilidades y de los &#8216;sue\u00f1os de Dios&#8217;.<\/p>\n<p style=\"text-align: justify\">\u201cEste hombre, este so\u00f1ador, es capaz de aceptar esta tarea, esta tarea gravosa, y tiene mucho que decirnos a nosotros en este tiempo de fuerte sentido de orfandad. Y as\u00ed, este hombre toma la promesa de Dios y la lleva adelante en silencio con fortaleza, la lleva adelante para que lo que Dios quiere se cumpla\u201d.<\/p>\n<p style=\"text-align: justify\">\u201cSan Jos\u00e9 &#8211;recuerda el Papa&#8211; le obedece al \u00e1ngel que se presenta en su sue\u00f1o. Y toma consigo a Mar\u00eda, embarazada por obra del Esp\u00edritu Santo, como narra el Evangelio de Mateo.<\/p>\n<p style=\"text-align: justify\">\u201cJos\u00e9 es custodio de las debilidades para que se vuelvan s\u00f3lidas en la fe. Pero esta tarea la recibi\u00f3 en un sue\u00f1o. Es un hombre capaz de so\u00f1ar. Y por tanto, tambi\u00e9n custodio del sue\u00f1o de Dios. El sue\u00f1o de Dios de salvarnos a todos, de la redenci\u00f3n, le es confiado a \u00e9l\u201d, dijo.<\/p>\n<p style=\"text-align: justify\">\u201cHoy quiero pedir, que nos d\u00e9 a todos la capacidad de so\u00f1ar, porque cuando so\u00f1amos las cosas grandes, las cosas bellas, nos acercamos al sue\u00f1o de Dios, a las cosas que Dios sue\u00f1a para nosotros. Que a los j\u00f3venes d\u00e9, porque \u00e9l era j\u00f3ven, la capacidad de so\u00f1ar, de arriesgar y asumir tareas dif\u00edciles que han visto en los sue\u00f1os. Y nos d\u00e9 a todos nosotros la fidelidad que generalmente crece en la actitud del justo. \u00c9l era justo, crece en el silencio, con pocas palabras, y crece en la ternura que es capaz de custodiar las propias debilidades y las de los otros\u201d.<\/p>\n<p><span class=\"et_bloom_bottom_trigger\"><\/span><\/p>\n<p><a href=\"https:\/\/es.zenit.org\/\" target=\"_blank\" rel=\"nofollow\">Fuente: es.zenit.org<\/a><\/p>\n","protected":false},"excerpt":{"rendered":"<p>(ZENIT &#8211; Ciudad del Vaticano, 20 Mar. 2017).- El d\u00eda despu\u00e9s de la fiesta de San Jos\u00e9, que por caer este domingo de cuaresma vio postergada la celebraci\u00f3n lit\u00fargica a hoy lunes, el papa Francisco celebr\u00f3 la misa su honor en la capilla de la residencia Santa Marta, en el Vaticano. El Pont\u00edficie centr\u00f3 la &hellip; <a href=\"https:\/\/www.biblia.work\/noticias\/francisco-en-sta-marta-san-jose-de-a-los-jovenes-la-gracia-de-sonar-cosas-grandes\/\" class=\"more-link\">Continuar leyendo<span class=\"screen-reader-text\"> \u00abFrancisco en Sta. Marta: San Jos\u00e9 d\u00e9 a los j\u00f3venes la gracia de so\u00f1ar cosas grandes\u00bb<\/span><\/a><\/p>\n","protected":false},"author":1,"featured_media":0,"comment_status":"open","ping_status":"closed","sticky":false,"template":"","format":"standard","meta":{"footnotes":""},"categories":[1],"tags":[],"class_list":["post-12969","post","type-post","status-publish","format-standard","hentry","category-general"],"_links":{"self":[{"href":"https:\/\/www.biblia.work\/noticias\/wp-json\/wp\/v2\/posts\/12969","targetHints":{"allow":["GET"]}}],"collection":[{"href":"https:\/\/www.biblia.work\/noticias\/wp-json\/wp\/v2\/posts"}],"about":[{"href":"https:\/\/www.biblia.work\/noticias\/wp-json\/wp\/v2\/types\/post"}],"author":[{"embeddable":true,"href":"https:\/\/www.biblia.work\/noticias\/wp-json\/wp\/v2\/users\/1"}],"replies":[{"embeddable":true,"href":"https:\/\/www.biblia.work\/noticias\/wp-json\/wp\/v2\/comments?post=12969"}],"version-history":[{"count":0,"href":"https:\/\/www.biblia.work\/noticias\/wp-json\/wp\/v2\/posts\/12969\/revisions"}],"wp:attachment":[{"href":"https:\/\/www.biblia.work\/noticias\/wp-json\/wp\/v2\/media?parent=12969"}],"wp:term":[{"taxonomy":"category","embeddable":true,"href":"https:\/\/www.biblia.work\/noticias\/wp-json\/wp\/v2\/categories?post=12969"},{"taxonomy":"post_tag","embeddable":true,"href":"https:\/\/www.biblia.work\/noticias\/wp-json\/wp\/v2\/tags?post=12969"}],"curies":[{"name":"wp","href":"https:\/\/api.w.org\/{rel}","templated":true}]}}