{"id":12970,"date":"2017-03-22T15:15:07","date_gmt":"2017-03-22T20:15:07","guid":{"rendered":"http:\/\/www.biblia.work\/noticias\/el-santo-padre-pide-al-presidente-de-ruanda-purificar-la-memoria-del-genocidio-contra-los-tutsi\/"},"modified":"2017-03-22T15:15:07","modified_gmt":"2017-03-22T20:15:07","slug":"el-santo-padre-pide-al-presidente-de-ruanda-purificar-la-memoria-del-genocidio-contra-los-tutsi","status":"publish","type":"post","link":"https:\/\/www.biblia.work\/noticias\/el-santo-padre-pide-al-presidente-de-ruanda-purificar-la-memoria-del-genocidio-contra-los-tutsi\/","title":{"rendered":"El Santo Padre pide al presidente de Ruanda purificar la memoria del genocidio contra los Tutsi"},"content":{"rendered":"<p style=\"text-align: justify\">(ZENIT \u00a0&#8211; Ciudad del Vaticano, 20 Mar. 2017).- El santo padre Francisco recibi\u00f3 este lunes en el Vaticano al presidente de la\u00a0<span lang=\"ES-TRAD\">Rep\u00fablica de Ruanda, Paul Kagame, peque\u00f1o pa\u00eds africano situado en la zona de los Grandes Lagos, que se hizo c\u00e9lebre por el genocidio de 1994.<\/span><\/p>\n<p style=\"text-align: justify\">Lo inform\u00f3 la Oficina de prensa de la Santa Sede, precisando que\u00a0<span lang=\"ES-TRAD\">\u201cdurante las cordiales conversaciones&#8221; que se desarrollaron el en Palacio Apost\u00f3lico, se ha &#8220;apreciado el notable camino recorrido para recuperar la estabilidad social, econ\u00f3mica y pol\u00edtica del pa\u00eds. Se ha evidenciado la colaboraci\u00f3n entre el Estado y la Iglesia local en la obra de reconciliaci\u00f3n nacional y de consolidaci\u00f3n de la paz en beneficio de toda la Naci\u00f3n\u201d.<\/span><\/p>\n<p style=\"text-align: justify\"><span lang=\"ES-TRAD\">El comunicado indica que &#8220;el Papa ha manifestado su profundo dolor, el de la Santa Sede y el de la Iglesia por el genocidio contra los Tutsis, ha expresado solidaridad con las v\u00edctimas y con los que siguen sufriendo las consecuencias de aquellos acontecimientos tr\u00e1gicos y, en l\u00ednea con el gesto efectuado por San Juan Pablo II durante el Gran Jubileo del a\u00f1o 2000, ha renovado la imploraci\u00f3n de perd\u00f3n a Dios por los pecados y las faltas de la Iglesia y de sus miembros, entre los cuales sacerdotes, religiosos y religiosas que cedieron al odio y a la violencia traicionando su misi\u00f3n evang\u00e9lica&#8221;.<\/span><\/p>\n<p style=\"text-align: justify\"><span lang=\"ES-TRAD\"> El Papa ha expresado tambi\u00e9n &#8220;la esperanza de que este humilde reconocimiento de las faltas cometidas en aquella circunstancia que, por desgracia, han desfigurado el rostro de la Iglesia, contribuyan, tambi\u00e9n a la luz del reciente A\u00f1o Santo de la Misericordia y del Comunicado publicado por el episcopado de Ruanda en ocasi\u00f3n de la clausura del mismo, a \u2018purificar la memoria\u2019 y a promover, con esperanza y confianza renovadas, un futuro de paz, dando testimonio de que es concretamente posible vivir y trabajar juntos cuando se pone en el centro la dignidad de la persona humana y el bien com\u00fan\u201d.<\/span><\/p>\n<p style=\"text-align: justify\"><span lang=\"ES-TRAD\">\u201cPor \u00faltimo &#8211;concluye el comunicado&#8211;\u00a0<\/span><span lang=\"ES-TRAD\">ha habido un intercambio de puntos de vista sobre la situaci\u00f3n pol\u00edtica y social de la regi\u00f3n, con especial atenci\u00f3n a algunas \u00e1reas afectadas por conflictos o desastres naturales, y se ha expresado una preocupaci\u00f3n particular por el gran n\u00famero de refugiados y de migrantes que necesitan la asistencia y el apoyo de la comunidad internacional y de los organismos regionales\u201d.<\/span><\/p>\n<p style=\"text-align: justify\"><span lang=\"ES-TRAD\">El presidente de Ruanda posteriormente tuvo un encuentro con el cardenal Pietro Parolin, Secretario de Estado, a quien acompa\u00f1aba el Secretario para las Relaciones con los Estados, monse\u00f1or Paul Richard Gallagher. En el comunicado se se\u00f1alan\u00a0<\/span>&#8220;las buenas relaciones existentes entre la Santa Sede y Ruanda&#8221;.<\/p>\n<p style=\"text-align: justify\">&nbsp;<\/p>\n<p style=\"text-align: justify\">&nbsp;<\/p>\n<p style=\"text-align: justify\">&nbsp;<\/p>\n<p><span class=\"et_bloom_bottom_trigger\"><\/span><\/p>\n<p><a href=\"https:\/\/es.zenit.org\/\" target=\"_blank\" rel=\"nofollow\">Fuente: es.zenit.org<\/a><\/p>\n","protected":false},"excerpt":{"rendered":"<p>(ZENIT \u00a0&#8211; Ciudad del Vaticano, 20 Mar. 2017).- El santo padre Francisco recibi\u00f3 este lunes en el Vaticano al presidente de la\u00a0Rep\u00fablica de Ruanda, Paul Kagame, peque\u00f1o pa\u00eds africano situado en la zona de los Grandes Lagos, que se hizo c\u00e9lebre por el genocidio de 1994. Lo inform\u00f3 la Oficina de prensa de la Santa &hellip; <a href=\"https:\/\/www.biblia.work\/noticias\/el-santo-padre-pide-al-presidente-de-ruanda-purificar-la-memoria-del-genocidio-contra-los-tutsi\/\" class=\"more-link\">Continuar leyendo<span class=\"screen-reader-text\"> \u00abEl Santo Padre pide al presidente de Ruanda purificar la memoria del genocidio contra los Tutsi\u00bb<\/span><\/a><\/p>\n","protected":false},"author":1,"featured_media":0,"comment_status":"open","ping_status":"closed","sticky":false,"template":"","format":"standard","meta":{"footnotes":""},"categories":[1],"tags":[],"class_list":["post-12970","post","type-post","status-publish","format-standard","hentry","category-general"],"_links":{"self":[{"href":"https:\/\/www.biblia.work\/noticias\/wp-json\/wp\/v2\/posts\/12970","targetHints":{"allow":["GET"]}}],"collection":[{"href":"https:\/\/www.biblia.work\/noticias\/wp-json\/wp\/v2\/posts"}],"about":[{"href":"https:\/\/www.biblia.work\/noticias\/wp-json\/wp\/v2\/types\/post"}],"author":[{"embeddable":true,"href":"https:\/\/www.biblia.work\/noticias\/wp-json\/wp\/v2\/users\/1"}],"replies":[{"embeddable":true,"href":"https:\/\/www.biblia.work\/noticias\/wp-json\/wp\/v2\/comments?post=12970"}],"version-history":[{"count":0,"href":"https:\/\/www.biblia.work\/noticias\/wp-json\/wp\/v2\/posts\/12970\/revisions"}],"wp:attachment":[{"href":"https:\/\/www.biblia.work\/noticias\/wp-json\/wp\/v2\/media?parent=12970"}],"wp:term":[{"taxonomy":"category","embeddable":true,"href":"https:\/\/www.biblia.work\/noticias\/wp-json\/wp\/v2\/categories?post=12970"},{"taxonomy":"post_tag","embeddable":true,"href":"https:\/\/www.biblia.work\/noticias\/wp-json\/wp\/v2\/tags?post=12970"}],"curies":[{"name":"wp","href":"https:\/\/api.w.org\/{rel}","templated":true}]}}