{"id":12971,"date":"2017-03-22T15:15:07","date_gmt":"2017-03-22T20:15:07","guid":{"rendered":"http:\/\/www.biblia.work\/noticias\/inundaciones-en-peru-obispos-convocaron-a-una-jornada-de-oracion-y-solidaridad\/"},"modified":"2017-03-22T15:15:07","modified_gmt":"2017-03-22T20:15:07","slug":"inundaciones-en-peru-obispos-convocaron-a-una-jornada-de-oracion-y-solidaridad","status":"publish","type":"post","link":"https:\/\/www.biblia.work\/noticias\/inundaciones-en-peru-obispos-convocaron-a-una-jornada-de-oracion-y-solidaridad\/","title":{"rendered":"Inundaciones en Per\u00fa: obispos convocaron a una jornada de oraci\u00f3n y solidaridad"},"content":{"rendered":"<p style=\"text-align: justify\">(ZENIT \u2013 Roma20 Mar. 2017).- \u201cAcompa\u00f1ando el dolor de miles de nuestros hermanos que est\u00e1n sufriendo debido a las condiciones clim\u00e1ticas adversas en todo el territorio nacional, especialmente en el norte y centro del pa\u00eds, invitamos a todos los cat\u00f3licos y personas de buena voluntad a mostrar su solidaridad hacia su sufrimiento\u201d.<\/p>\n<p style=\"text-align: justify\">Esta ha sido el llamado de los obispos de Per\u00fa que han organizado este domingo 19 de marzo, una jornada de oraci\u00f3n y solidaridad, se\u00f1alando que \u201ctodos somos testigos de la dura realidad que est\u00e1n viviendo miles de peruanos que han perdido todo\u201d, debido a &#8220;la emergencia grave que vive el pa\u00eds debido a las inundaciones que se han cobrado miles de vidas\u201d.<\/p>\n<p style=\"text-align: justify\">Invitaron as\u00ed a que \u201ceste tercer domingo de Cuaresma sea un domingo de oraci\u00f3n como expresi\u00f3n de nuestra fe y de colecta nacional por las v\u00edctimas como testimonio de nuestra solidaridad y caridad\u201d.<\/p>\n<p style=\"text-align: justify\">En el Vaticano, despu\u00e9s de rezar la oraci\u00f3n del \u00e1ngelus de este domingo, el papa Francisco asegur\u00f3 su \u201ccercan\u00eda a la querida poblaci\u00f3n del Per\u00fa, duramente golpeada por devastadoras inundaciones&#8221;. Y a\u00f1adi\u00f3: &#8220;Rezo por las v\u00edctimas y por los que participan en las operaciones de socorro\u201d.<\/p>\n<p style=\"text-align: justify\">Por su parte el presidente de Per\u00fa, Pedro Pablo Kuczynski, ha dado las gracias al Santo Padre por las palabras de aliento ante esta emergencia importante. El n\u00famero de v\u00edctimas hasta ahora registrado seg\u00fan el Centro de Operaciones de Emergencia Nacional (COEN), son 75 muertes. Y Casi 100.000 personas han perdido sus hogares por los estragos causados por el fen\u00f3meno meteorol\u00f3gico de &#8220;El Ni\u00f1o Costero&#8221;.<\/p>\n<p><span class=\"et_bloom_bottom_trigger\"><\/span><\/p>\n<p><a href=\"https:\/\/es.zenit.org\/\" target=\"_blank\" rel=\"nofollow\">Fuente: es.zenit.org<\/a><\/p>\n","protected":false},"excerpt":{"rendered":"<p>(ZENIT \u2013 Roma20 Mar. 2017).- \u201cAcompa\u00f1ando el dolor de miles de nuestros hermanos que est\u00e1n sufriendo debido a las condiciones clim\u00e1ticas adversas en todo el territorio nacional, especialmente en el norte y centro del pa\u00eds, invitamos a todos los cat\u00f3licos y personas de buena voluntad a mostrar su solidaridad hacia su sufrimiento\u201d. Esta ha sido &hellip; <a href=\"https:\/\/www.biblia.work\/noticias\/inundaciones-en-peru-obispos-convocaron-a-una-jornada-de-oracion-y-solidaridad\/\" class=\"more-link\">Continuar leyendo<span class=\"screen-reader-text\"> \u00abInundaciones en Per\u00fa: obispos convocaron a una jornada de oraci\u00f3n y solidaridad\u00bb<\/span><\/a><\/p>\n","protected":false},"author":1,"featured_media":0,"comment_status":"open","ping_status":"closed","sticky":false,"template":"","format":"standard","meta":{"footnotes":""},"categories":[1],"tags":[],"class_list":["post-12971","post","type-post","status-publish","format-standard","hentry","category-general"],"_links":{"self":[{"href":"https:\/\/www.biblia.work\/noticias\/wp-json\/wp\/v2\/posts\/12971","targetHints":{"allow":["GET"]}}],"collection":[{"href":"https:\/\/www.biblia.work\/noticias\/wp-json\/wp\/v2\/posts"}],"about":[{"href":"https:\/\/www.biblia.work\/noticias\/wp-json\/wp\/v2\/types\/post"}],"author":[{"embeddable":true,"href":"https:\/\/www.biblia.work\/noticias\/wp-json\/wp\/v2\/users\/1"}],"replies":[{"embeddable":true,"href":"https:\/\/www.biblia.work\/noticias\/wp-json\/wp\/v2\/comments?post=12971"}],"version-history":[{"count":0,"href":"https:\/\/www.biblia.work\/noticias\/wp-json\/wp\/v2\/posts\/12971\/revisions"}],"wp:attachment":[{"href":"https:\/\/www.biblia.work\/noticias\/wp-json\/wp\/v2\/media?parent=12971"}],"wp:term":[{"taxonomy":"category","embeddable":true,"href":"https:\/\/www.biblia.work\/noticias\/wp-json\/wp\/v2\/categories?post=12971"},{"taxonomy":"post_tag","embeddable":true,"href":"https:\/\/www.biblia.work\/noticias\/wp-json\/wp\/v2\/tags?post=12971"}],"curies":[{"name":"wp","href":"https:\/\/api.w.org\/{rel}","templated":true}]}}