{"id":12972,"date":"2017-03-22T15:15:07","date_gmt":"2017-03-22T20:15:07","guid":{"rendered":"http:\/\/www.biblia.work\/noticias\/beato-miguel-gomez-loza-21-de-marzo-2\/"},"modified":"2017-03-22T15:15:07","modified_gmt":"2017-03-22T20:15:07","slug":"beato-miguel-gomez-loza-21-de-marzo-2","status":"publish","type":"post","link":"https:\/\/www.biblia.work\/noticias\/beato-miguel-gomez-loza-21-de-marzo-2\/","title":{"rendered":"Beato Miguel G\u00f3mez Loza \u2013 21 de marzo"},"content":{"rendered":"<p style=\"text-align: justify\">(ZENIT &#8211; Madrid).- \u00a0<span lang=\"\">La intensa vida de este laico, altamente comprometido con la Iglesia, se inici\u00f3 el 11 de agosto de 1888 en Paredones, Jalisco, M\u00e9xico, en el seno de una humilde familia de campesinos. La exquisita tutela ejercida con su madre Victoriana, unida a un infinito agradecimiento por haberle dado la vida, hizo que \u00e9l y El\u00edas, el primog\u00e9nito y su \u00fanico hermano, alteraran el orden de sus apellidos cuando ya el cabeza de familia hab\u00eda muerto y El\u00edas se dispon\u00eda a ingresar en el seminario. Tambi\u00e9n influy\u00f3 en las decisiones que Miguel tuvo que tomar relacionadas con su futuro, en particular sus estudios, ya que eso supon\u00eda tener que abandonar la aldea donde viv\u00edan y dejar sola a la madre que depend\u00eda de \u00e9l. Un gesto que da idea de la sensibilidad de este gran hombre, que iba a coronar con su sangre su amor por Cristo y la Iglesia. <\/span><\/p>\n<p style=\"text-align: justify\"><span lang=\"\">Era valeroso, audaz, creativo, apasionado, coherente y fiel. No le cost\u00f3 acceder a misiones de responsabilidad dentro de los movimientos defensores de la Iglesia. Hermanado con el tambi\u00e9n beato Anacleto Gonz\u00e1lez, ambos lideraron la Asociaci\u00f3n cat\u00f3lica siendo referentes ineludibles para los j\u00f3venes mexicanos. La huella que hab\u00eda dejado en su parroquia como ac\u00f3lito, catequista y sacrist\u00e1n, unida a su actividad como promotor de acciones que repercut\u00edan en el bien de los vecinos, como el establecimiento de cajas de ahorros, pon\u00edan de relieve su val\u00eda. <\/span><\/p>\n<p style=\"text-align: justify\"><span lang=\"\">Ingres\u00f3 en el seminario de Guadalajara, que abandon\u00f3 al constatar que no ten\u00eda vocaci\u00f3n para el sacerdocio, y curs\u00f3 derecho. Pero, poco antes, en 1913, marcando una \u00e9poca de febril actividad se afili\u00f3 al Partido Cat\u00f3lico Nacional y al grupo estudiantil de La Gironda. Anacleto y \u00e9l, que fueron parejos casi hasta en la muerte, se vincularon a la Congregaci\u00f3n Mariana del Santuario de San Jos\u00e9 de Gracia y asumieron la direcci\u00f3n de la Uni\u00f3n Latinoamericana, que se hab\u00eda creado entonces. Hombre idealista, llevado de su pasi\u00f3n y ardor apost\u00f3lico, Miguel no dudaba en enfrentarse a quien se pusiera en contra de los principios cristianos. Eso le acarre\u00f3 disgustos y contratiempos, entre otros, un arresto. Siendo estudiante universitario en Morelos el celo que le caracterizaba le llev\u00f3 a mostrar su frontal oposici\u00f3n a las tesis sostenidas por un partidario del presidente Ju\u00e1rez. Si hab\u00eda que ir lejos, lo hac\u00eda. Esa fue la t\u00f3nica de su vida. <\/span><\/p>\n<p style=\"text-align: justify\">Impuls\u00f3 la prensa cat\u00f3lica y fund\u00f3 la sociedad de Propagaci\u00f3n de la Buena Prensa. Siendo uno de los instauradores de la Asociaci\u00f3n cat\u00f3lica de la juventud mexicana, desde ella sigui\u00f3 promoviendo numerosas acciones sociales y editoriales marcadas por la aparici\u00f3n de diversas publicaciones. Su papel activo en defensa de la fe eclesial segu\u00eda ocasion\u00e1ndole problemas, en este caso, profesionales. De hecho, no logr\u00f3 que avalaran sus estudios con el t\u00edtulo acreditativo correspondiente. A\u00fan as\u00ed, continu\u00f3 luchando sin desmayo.<\/p>\n<p style=\"text-align: justify\">Contrajo matrimonio con M\u00aa Guadalupe S\u00e1nchez Barrag\u00e1n a finales de 1922. De \u00e9l nacer\u00edan tres hijas. Establecido con su familia en los Altos de Jalisco se integr\u00f3 en la parroquia y despleg\u00f3 su buen hacer entre los vecinos, granje\u00e1ndose su respeto y afecto. Fue testigo de la bendici\u00f3n de la primera piedra del monumento dedicado a Cristo Rey que pensaba erigirse en Guanajuato. Ello se produjo en un momento dif\u00edcil desde el punto de vista pol\u00edtico, que fue derivando progresivamente a situaciones de alta incomodidad y serio riesgo para su vida. Sufri\u00f3 el destierro instigado por el alcalde de Arandas, de manera arbitraria e injusta, sin que mediara juicio alguno. Durante tres meses tuvo que afincarse en Jalpa de C\u00e1novas siendo, como siempre, ardiente y activo promotor de los valores cristianos.<\/p>\n<p style=\"text-align: justify\">De regreso a Guadalajara ingres\u00f3 en la Adoraci\u00f3n Nocturna del Sant\u00edsimo Sacramento. Cuando en 1924 el gobernador de Jalisco decret\u00f3 el cierre del seminario, tuvo en Miguel un bravo competidor a trav\u00e9s de la Uni\u00f3n Popular fundada por \u00e9l junto a Anacleto en 1925. Lleg\u00f3 a o\u00eddos de la Santa Sede su excepcional labor y le otorg\u00f3 la cruz Pro Ecclesia et Pontifice, siendo galardonados tambi\u00e9n sus compa\u00f1eros. En febrero de 1926 volvi\u00f3 a ser encarcelado y prosigui\u00f3 una encendida labor apost\u00f3lica orando junto a los reclusos y difundiendo la Palabra de Dios. En abril sal\u00eda de la c\u00e1rcel, cuando fue nuevamente apresado por la polic\u00eda secreta. En ese instante se libr\u00f3, puede que hasta de una muerte segura, por la mediaci\u00f3n ejercida por un pu\u00f1ado de amigos. Una vez se vio en la calle lider\u00f3 un movimiento de j\u00f3venes afines a la Uni\u00f3n Popular que partieron dispuestos a todo con el fin de establecer sus principios en distintos lugares. Todo ello en medio de una precariedad econ\u00f3mica seria, impuesta por el boicot del que eran objeto.<\/p>\n<p style=\"text-align: justify\">El hermano de Miguel falleci\u00f3 a finales de diciembre de 1926. Y en enero del a\u00f1o siguiente \u00e9ste parti\u00f3 hacia los Altos. Se uni\u00f3 a una v\u00eda de resistencia pac\u00edfica contra el estado, que se hab\u00eda empe\u00f1ado en poner contra las cuerdas a los seguidores de Cristo. Nombrado gobernador de Jalisco en abril de 1927, se estableci\u00f3 en la Presa de L\u00f3pez sosteniendo con firmeza la fe de la gente, al tiempo que manten\u00eda activa la revista \u00abGlaudium\u00bb. Hizo de comisario castrense entre los afiliados del movimiento que presid\u00eda, y congreg\u00f3 a los cristeros en octubre de ese a\u00f1o para celebrar unidos la festividad de Cristo Rey.<\/p>\n<p style=\"text-align: justify\"><span lang=\"\">En los primeros meses de 1928 el modo de sostener la resistencia emprendida por los cat\u00f3licos parec\u00eda estar m\u00e1s o menos bajo control. Sin embargo, el 21 de marzo, hall\u00e1ndose en un lugar cercano a Atotonilco, no pudo impedir que unos militares federales le asesinaran acribillado a balazos por el pecho y por la espalda, junto a su secretario Dionisio V\u00e1zquez. Antes intent\u00f3 destruir la documentaci\u00f3n que revelaba la identidad de los integrantes que conformaban su grupo. Juan Pablo II lo beatific\u00f3 el 20 de noviembre de 2005 junto a otros m\u00e1rtires mexicanos incluido Anacleto.<\/span><\/p>\n<p><span class=\"et_bloom_bottom_trigger\"><\/span><\/p>\n<p><a href=\"https:\/\/es.zenit.org\/\" target=\"_blank\" rel=\"nofollow\">Fuente: es.zenit.org<\/a><\/p>\n","protected":false},"excerpt":{"rendered":"<p>(ZENIT &#8211; Madrid).- \u00a0La intensa vida de este laico, altamente comprometido con la Iglesia, se inici\u00f3 el 11 de agosto de 1888 en Paredones, Jalisco, M\u00e9xico, en el seno de una humilde familia de campesinos. La exquisita tutela ejercida con su madre Victoriana, unida a un infinito agradecimiento por haberle dado la vida, hizo que &hellip; <a href=\"https:\/\/www.biblia.work\/noticias\/beato-miguel-gomez-loza-21-de-marzo-2\/\" class=\"more-link\">Continuar leyendo<span class=\"screen-reader-text\"> \u00abBeato Miguel G\u00f3mez Loza \u2013 21 de marzo\u00bb<\/span><\/a><\/p>\n","protected":false},"author":1,"featured_media":0,"comment_status":"open","ping_status":"closed","sticky":false,"template":"","format":"standard","meta":{"footnotes":""},"categories":[1],"tags":[],"class_list":["post-12972","post","type-post","status-publish","format-standard","hentry","category-general"],"_links":{"self":[{"href":"https:\/\/www.biblia.work\/noticias\/wp-json\/wp\/v2\/posts\/12972","targetHints":{"allow":["GET"]}}],"collection":[{"href":"https:\/\/www.biblia.work\/noticias\/wp-json\/wp\/v2\/posts"}],"about":[{"href":"https:\/\/www.biblia.work\/noticias\/wp-json\/wp\/v2\/types\/post"}],"author":[{"embeddable":true,"href":"https:\/\/www.biblia.work\/noticias\/wp-json\/wp\/v2\/users\/1"}],"replies":[{"embeddable":true,"href":"https:\/\/www.biblia.work\/noticias\/wp-json\/wp\/v2\/comments?post=12972"}],"version-history":[{"count":0,"href":"https:\/\/www.biblia.work\/noticias\/wp-json\/wp\/v2\/posts\/12972\/revisions"}],"wp:attachment":[{"href":"https:\/\/www.biblia.work\/noticias\/wp-json\/wp\/v2\/media?parent=12972"}],"wp:term":[{"taxonomy":"category","embeddable":true,"href":"https:\/\/www.biblia.work\/noticias\/wp-json\/wp\/v2\/categories?post=12972"},{"taxonomy":"post_tag","embeddable":true,"href":"https:\/\/www.biblia.work\/noticias\/wp-json\/wp\/v2\/tags?post=12972"}],"curies":[{"name":"wp","href":"https:\/\/api.w.org\/{rel}","templated":true}]}}