{"id":12973,"date":"2017-03-22T15:15:07","date_gmt":"2017-03-22T20:15:07","guid":{"rendered":"http:\/\/www.biblia.work\/noticias\/peru-inundaciones-mortales-y-cercania-del-papa\/"},"modified":"2017-03-22T15:15:07","modified_gmt":"2017-03-22T20:15:07","slug":"peru-inundaciones-mortales-y-cercania-del-papa","status":"publish","type":"post","link":"https:\/\/www.biblia.work\/noticias\/peru-inundaciones-mortales-y-cercania-del-papa\/","title":{"rendered":"Per\u00fa: inundaciones mortales y cercan\u00eda del Papa"},"content":{"rendered":"<p style=\"text-align: justify\">(ZENIT-\u00a0 Roma, 19 marzo 2017). El papa Francisco ha expresado su cercan\u00eda al pueblo de Per\u00fa golpeado por inundaciones y deslizamientos de tierras que han causado muertes y heridos.<\/p>\n<p style=\"text-align: justify\">El papa ha evocado la situaci\u00f3n del pa\u00eds despu\u00e9s del \u00e1ngelus de este domingo 19 de marzo del 2017, en presencia de unos 40.000 visitantes de diferentes pa\u00edses que le esperaban ondulando sus banderas en la Plaza San Pedro.<\/p>\n<p style=\"text-align: justify\">\u201cQuiero asegurar mi cercan\u00eda al querido pueblo de Per\u00fa duramente golpeado por las devastadoras inundaciones, ha dicho el papa en italiano. Oro por las v\u00edctimas y por todos aquellos que han participado en el rescate y auxilio\u201d.<\/p>\n<p style=\"text-align: justify\">Un gran diluvio de fuertes lluvias han ca\u00eddo sobre el pa\u00eds, sus r\u00edos se han salido de su cauce, especialmente en el Este de la capital, Lima.<\/p>\n<p style=\"text-align: justify\">El fen\u00f3meno afecta 20 de las 25 regiones del pa\u00eds con un balance provisional de 43 muertos, 72 heridos, 11 desaparecidos y m\u00e1s de 56.000 siniestros: los corrimientos de tierra se han llevado casas, escuelas, centris de salud.<\/p>\n<p style=\"text-align: justify\">El nivel de las precipitaciones es diez veces superior a la normal, y las temperaturas por encima de la media habitual, es lo que ser\u00eda el origen de un fen\u00f3meno de\u201d Ni\u00f1o costero\u201d que todav\u00eda podr\u00eda durar varias semanas.<\/p>\n<p><span class=\"et_bloom_bottom_trigger\"><\/span><\/p>\n<p><a href=\"https:\/\/es.zenit.org\/\" target=\"_blank\" rel=\"nofollow\">Fuente: es.zenit.org<\/a><\/p>\n","protected":false},"excerpt":{"rendered":"<p>(ZENIT-\u00a0 Roma, 19 marzo 2017). El papa Francisco ha expresado su cercan\u00eda al pueblo de Per\u00fa golpeado por inundaciones y deslizamientos de tierras que han causado muertes y heridos. El papa ha evocado la situaci\u00f3n del pa\u00eds despu\u00e9s del \u00e1ngelus de este domingo 19 de marzo del 2017, en presencia de unos 40.000 visitantes de &hellip; <a href=\"https:\/\/www.biblia.work\/noticias\/peru-inundaciones-mortales-y-cercania-del-papa\/\" class=\"more-link\">Continuar leyendo<span class=\"screen-reader-text\"> \u00abPer\u00fa: inundaciones mortales y cercan\u00eda del Papa\u00bb<\/span><\/a><\/p>\n","protected":false},"author":1,"featured_media":0,"comment_status":"open","ping_status":"closed","sticky":false,"template":"","format":"standard","meta":{"footnotes":""},"categories":[1],"tags":[],"class_list":["post-12973","post","type-post","status-publish","format-standard","hentry","category-general"],"_links":{"self":[{"href":"https:\/\/www.biblia.work\/noticias\/wp-json\/wp\/v2\/posts\/12973","targetHints":{"allow":["GET"]}}],"collection":[{"href":"https:\/\/www.biblia.work\/noticias\/wp-json\/wp\/v2\/posts"}],"about":[{"href":"https:\/\/www.biblia.work\/noticias\/wp-json\/wp\/v2\/types\/post"}],"author":[{"embeddable":true,"href":"https:\/\/www.biblia.work\/noticias\/wp-json\/wp\/v2\/users\/1"}],"replies":[{"embeddable":true,"href":"https:\/\/www.biblia.work\/noticias\/wp-json\/wp\/v2\/comments?post=12973"}],"version-history":[{"count":0,"href":"https:\/\/www.biblia.work\/noticias\/wp-json\/wp\/v2\/posts\/12973\/revisions"}],"wp:attachment":[{"href":"https:\/\/www.biblia.work\/noticias\/wp-json\/wp\/v2\/media?parent=12973"}],"wp:term":[{"taxonomy":"category","embeddable":true,"href":"https:\/\/www.biblia.work\/noticias\/wp-json\/wp\/v2\/categories?post=12973"},{"taxonomy":"post_tag","embeddable":true,"href":"https:\/\/www.biblia.work\/noticias\/wp-json\/wp\/v2\/tags?post=12973"}],"curies":[{"name":"wp","href":"https:\/\/api.w.org\/{rel}","templated":true}]}}