{"id":12974,"date":"2017-03-22T15:15:08","date_gmt":"2017-03-22T20:15:08","guid":{"rendered":"http:\/\/www.biblia.work\/noticias\/el-beato-josef-mayr-nusser-modelo-para-los-padres-de-familia\/"},"modified":"2017-03-22T15:15:08","modified_gmt":"2017-03-22T20:15:08","slug":"el-beato-josef-mayr-nusser-modelo-para-los-padres-de-familia","status":"publish","type":"post","link":"https:\/\/www.biblia.work\/noticias\/el-beato-josef-mayr-nusser-modelo-para-los-padres-de-familia\/","title":{"rendered":"El beato Josef Mayr-Nusser, modelo para los padres de familia"},"content":{"rendered":"<p style=\"text-align: justify\">(ZENIT- Ciudad del Vaticano 19 marzo de 2017). El papa Francisco saluda la beatificaci\u00f3n de Josef Mayr-Nusser, padre de familia de Bolzano, en el Tirol italiano, miembro de la acci\u00f3n cat\u00f3lica \u201cque muri\u00f3 m\u00e1rtir porque rechaz\u00f3 adherirse al nazismo por fidelidad al evangelio\u201d.<\/p>\n<p style=\"text-align: justify\">El Papa ha evocado la beatificaci\u00f3n &#8211;\u00a0ayer, s\u00e1bado 18 de marzo del 2017, en Bolzano &#8211; de este padre de familia\u00a0y ha invitado a las 40.000 personas presentes, a desear una buena fiesta a los padres de familia aplaudiendo con \u00e9l, despu\u00e9s del \u00e1ngelus de este 19 de marzo en la Plaza San Pedro.<\/p>\n<p style=\"text-align: justify\">El d\u00eda de San Jos\u00e9, 19 de marzo, es cada a\u00f1o, en Italia, el d\u00eda de la fiesta de los padres.<\/p>\n<p style=\"text-align: justify\">Para el Papa, este que se llamaba Josef (Mayr-Nusser) constituye un \u201cmodelo para los fieles laicos, especialmente para los padres\u201d, por su \u201cgran elevaci\u00f3n moral y espiritual\u201d.<\/p>\n<p style=\"text-align: justify\">El Papa ha invitado a aplaudir a los padres diciendo: \u201clos pap\u00e1s que hoy recordamos con gran cari\u00f1o, incluso si la fiesta lit\u00fargica de San Jos\u00e9 se celebra ma\u00f1ana, porque hoy es domingo. Saludamos a todos los padres con fuertes aplausos\u201d. El Papa mismo ha aplaudido con la gente.<\/p>\n<p style=\"text-align: justify\">El laico m\u00e1rtir Josef Mayr-Nusser (1910-1945), padre de familia del Tirol del sur (hoy en Italia, antes en Austria) ha tenido el \u201cvalor\u201d de decir \u201cun no\u201d frontal a Hitler delante de todas las SS en proceso de formaci\u00f3n\u201d dice el cardenal Angelo Amato, prefecto de la Congregaci\u00f3n para las causas de los santos.<\/p>\n<p style=\"text-align: justify\">Para el prefecto, que ha presidido la celebraci\u00f3n en nombre del papa Francisco, los cristianos pueden aprender del futuro beato \u201cel valor de ser testigo de Cristo y de su Evangelio hoy\u201d de \u201cmanifestar el amor a la verdad y el respeto de nuestra propia consciencia\u201d y de promover \u201cel ideal de la familia\u201d.<\/p>\n<p><span class=\"et_bloom_bottom_trigger\"><\/span><\/p>\n<p><a href=\"https:\/\/es.zenit.org\/\" target=\"_blank\" rel=\"nofollow\">Fuente: es.zenit.org<\/a><\/p>\n","protected":false},"excerpt":{"rendered":"<p>(ZENIT- Ciudad del Vaticano 19 marzo de 2017). El papa Francisco saluda la beatificaci\u00f3n de Josef Mayr-Nusser, padre de familia de Bolzano, en el Tirol italiano, miembro de la acci\u00f3n cat\u00f3lica \u201cque muri\u00f3 m\u00e1rtir porque rechaz\u00f3 adherirse al nazismo por fidelidad al evangelio\u201d. El Papa ha evocado la beatificaci\u00f3n &#8211;\u00a0ayer, s\u00e1bado 18 de marzo del &hellip; <a href=\"https:\/\/www.biblia.work\/noticias\/el-beato-josef-mayr-nusser-modelo-para-los-padres-de-familia\/\" class=\"more-link\">Continuar leyendo<span class=\"screen-reader-text\"> \u00abEl beato Josef Mayr-Nusser, modelo para los padres de familia\u00bb<\/span><\/a><\/p>\n","protected":false},"author":1,"featured_media":0,"comment_status":"open","ping_status":"closed","sticky":false,"template":"","format":"standard","meta":{"footnotes":""},"categories":[1],"tags":[],"class_list":["post-12974","post","type-post","status-publish","format-standard","hentry","category-general"],"_links":{"self":[{"href":"https:\/\/www.biblia.work\/noticias\/wp-json\/wp\/v2\/posts\/12974","targetHints":{"allow":["GET"]}}],"collection":[{"href":"https:\/\/www.biblia.work\/noticias\/wp-json\/wp\/v2\/posts"}],"about":[{"href":"https:\/\/www.biblia.work\/noticias\/wp-json\/wp\/v2\/types\/post"}],"author":[{"embeddable":true,"href":"https:\/\/www.biblia.work\/noticias\/wp-json\/wp\/v2\/users\/1"}],"replies":[{"embeddable":true,"href":"https:\/\/www.biblia.work\/noticias\/wp-json\/wp\/v2\/comments?post=12974"}],"version-history":[{"count":0,"href":"https:\/\/www.biblia.work\/noticias\/wp-json\/wp\/v2\/posts\/12974\/revisions"}],"wp:attachment":[{"href":"https:\/\/www.biblia.work\/noticias\/wp-json\/wp\/v2\/media?parent=12974"}],"wp:term":[{"taxonomy":"category","embeddable":true,"href":"https:\/\/www.biblia.work\/noticias\/wp-json\/wp\/v2\/categories?post=12974"},{"taxonomy":"post_tag","embeddable":true,"href":"https:\/\/www.biblia.work\/noticias\/wp-json\/wp\/v2\/tags?post=12974"}],"curies":[{"name":"wp","href":"https:\/\/api.w.org\/{rel}","templated":true}]}}