{"id":12977,"date":"2017-03-22T15:15:08","date_gmt":"2017-03-22T20:15:08","guid":{"rendered":"http:\/\/www.biblia.work\/noticias\/el-vaticano-confirma-el-viaje-apostolico-del-papa-a-egipto\/"},"modified":"2017-03-22T15:15:08","modified_gmt":"2017-03-22T20:15:08","slug":"el-vaticano-confirma-el-viaje-apostolico-del-papa-a-egipto","status":"publish","type":"post","link":"https:\/\/www.biblia.work\/noticias\/el-vaticano-confirma-el-viaje-apostolico-del-papa-a-egipto\/","title":{"rendered":"El Vaticano confirma el viaje apost\u00f3lico del Papa a Egipto"},"content":{"rendered":"<p style=\"text-align: justify\">(ZENIT &#8211; Ciudad del Vaticano, 18 Mar. 2017).- El papa Francisco realizar\u00e1 un viaje apost\u00f3lico a Egipto el viernes 28 y s\u00e1bado 29 de abril, aceptando la invitaci\u00f3n de las autoridades civiles y religiosas del pa\u00eds, cat\u00f3licas,\u00a0ortodoxas y\u00a0musulmanas. El programa a este pa\u00eds fundamental en los equilibrios de la regi\u00f3n, prev\u00e9 la ciudad de El Cairo, pero a\u00fan no se conocen los detalles del mismo.<\/p>\n<p style=\"text-align: justify\">Lo confirm\u00f3\u00a0este s\u00e1bado la Oficina de prensa de la Santa Sede con el siguiente comunicado:<\/p>\n<p style=\"text-align: justify\">&#8220;Acogiendo la invitaci\u00f3n del presidente de la Rep\u00fablica, de los obispos de la Iglesia cat\u00f3lica, de su santidad papa Tawadros II, y del gran im\u00e1n de la mesquita de Al Azhar,\u00a0Cheikh Ahmed Mohamed el-Tayyib, su santidad el papa Francisco realizar\u00e1 un viaje apost\u00f3lico a la Rep\u00fablica \u00c1rabe del Egipto, del 28 al 29 de abril de 2017, visitando la ciudad de El Cairo. El programa del viaje ser\u00e1 publicado pr\u00f3ximamente&#8221;.<\/p>\n<p><span class=\"et_bloom_bottom_trigger\"><\/span><\/p>\n<p><a href=\"https:\/\/es.zenit.org\/\" target=\"_blank\" rel=\"nofollow\">Fuente: es.zenit.org<\/a><\/p>\n","protected":false},"excerpt":{"rendered":"<p>(ZENIT &#8211; Ciudad del Vaticano, 18 Mar. 2017).- El papa Francisco realizar\u00e1 un viaje apost\u00f3lico a Egipto el viernes 28 y s\u00e1bado 29 de abril, aceptando la invitaci\u00f3n de las autoridades civiles y religiosas del pa\u00eds, cat\u00f3licas,\u00a0ortodoxas y\u00a0musulmanas. El programa a este pa\u00eds fundamental en los equilibrios de la regi\u00f3n, prev\u00e9 la ciudad de El &hellip; <a href=\"https:\/\/www.biblia.work\/noticias\/el-vaticano-confirma-el-viaje-apostolico-del-papa-a-egipto\/\" class=\"more-link\">Continuar leyendo<span class=\"screen-reader-text\"> \u00abEl Vaticano confirma el viaje apost\u00f3lico del Papa a Egipto\u00bb<\/span><\/a><\/p>\n","protected":false},"author":1,"featured_media":0,"comment_status":"open","ping_status":"closed","sticky":false,"template":"","format":"standard","meta":{"footnotes":""},"categories":[1],"tags":[],"class_list":["post-12977","post","type-post","status-publish","format-standard","hentry","category-general"],"_links":{"self":[{"href":"https:\/\/www.biblia.work\/noticias\/wp-json\/wp\/v2\/posts\/12977","targetHints":{"allow":["GET"]}}],"collection":[{"href":"https:\/\/www.biblia.work\/noticias\/wp-json\/wp\/v2\/posts"}],"about":[{"href":"https:\/\/www.biblia.work\/noticias\/wp-json\/wp\/v2\/types\/post"}],"author":[{"embeddable":true,"href":"https:\/\/www.biblia.work\/noticias\/wp-json\/wp\/v2\/users\/1"}],"replies":[{"embeddable":true,"href":"https:\/\/www.biblia.work\/noticias\/wp-json\/wp\/v2\/comments?post=12977"}],"version-history":[{"count":0,"href":"https:\/\/www.biblia.work\/noticias\/wp-json\/wp\/v2\/posts\/12977\/revisions"}],"wp:attachment":[{"href":"https:\/\/www.biblia.work\/noticias\/wp-json\/wp\/v2\/media?parent=12977"}],"wp:term":[{"taxonomy":"category","embeddable":true,"href":"https:\/\/www.biblia.work\/noticias\/wp-json\/wp\/v2\/categories?post=12977"},{"taxonomy":"post_tag","embeddable":true,"href":"https:\/\/www.biblia.work\/noticias\/wp-json\/wp\/v2\/tags?post=12977"}],"curies":[{"name":"wp","href":"https:\/\/api.w.org\/{rel}","templated":true}]}}