{"id":12978,"date":"2017-03-22T15:15:09","date_gmt":"2017-03-22T20:15:09","guid":{"rendered":"http:\/\/www.biblia.work\/noticias\/francisco-expresa-su-admiracion-por-el-fallecido-cardenal-polaco-miloslav-vlk\/"},"modified":"2017-03-22T15:15:09","modified_gmt":"2017-03-22T20:15:09","slug":"francisco-expresa-su-admiracion-por-el-fallecido-cardenal-polaco-miloslav-vlk","status":"publish","type":"post","link":"https:\/\/www.biblia.work\/noticias\/francisco-expresa-su-admiracion-por-el-fallecido-cardenal-polaco-miloslav-vlk\/","title":{"rendered":"Francisco expresa su admiraci\u00f3n por el fallecido cardenal polaco Miloslav Vlk"},"content":{"rendered":"<p style=\"text-align: justify\">(ZENIT- Ciudad del Vaticano).- El papa Francisco envi\u00f3 este s\u00e1bado un telegrama de p\u00e9same por el fallecimiento del arzobispo em\u00e9rito de Praga y cardenal Miloslav Vlk.<\/p>\n<p style=\"text-align: justify\">\u201cRecuerdo con admiraci\u00f3n su tenaz fidelidad a Cristo no obstante las privaciones y persecuciones contra la Iglesia\u201d, se\u00f1al\u00f3 el Santo Padre, refiri\u00e9ndose a las persecuciones que el comunismo infligi\u00f3 en Checoslovaquia.<\/p>\n<p style=\"text-align: justify\">El cardenal que era considerado como un\u00a0posible candidato\u00a0para suceder a\u00a0Juan Pablo II, durante el r\u00e9gimen comunista no pudo\u00a0realizar estudios teol\u00f3gicos. As\u00ed entre 1952 y 1953 trabaj\u00f3 en la f\u00e1brica de autom\u00f3viles en <em>\u010cesk\u00e9 Bud\u011bjovice<\/em> y entre 1953 y 1955 hizo el servicio militar en<em>\u00a0Karlovy Vary<\/em>.<\/p>\n<p style=\"text-align: justify\">A pesar de la situaci\u00f3n pol\u00edtica pudo estudiar para ser archivero en la Facultad de Artes de la\u00a0Universidad Carolina de Praga, se licenci\u00f3\u00a0en 1960 y trabaj\u00f3 en diversos archivos de Bohemia Meridional.<\/p>\n<p style=\"text-align: justify\">En 1964 dej\u00f3 su trabajo para estudiar en la Facultad de Teolog\u00eda de Santos Cirilo y Metodio de\u00a0<em>Litom\u011b\u0159ice<\/em>\u00a0(1964\u20131968). El 23 de junio de 1968, en medio de la &#8220;Primavera de Praga&#8221;, fue\u00a0ordenado\u00a0sacerdote\u00a0a la edad de 36 a\u00f1os.<br \/>\n<strong> Telegrama del papa Francisco<\/strong><\/p>\n<p style=\"text-align: justify\">\u201cHe sabido de la muerte del se\u00f1or cardenal Miloslav Vlk, arzobispo em\u00e9rito de Praga, sucedida al final de una dolorosa enfermedad por \u00e9l soportada con fe y confianza en el Se\u00f1or.<\/p>\n<p style=\"text-align: justify\">\u201cElevo f\u00e9rvidas oraciones a Dios para que conceda el reposo eterno a este celante y generoso pastor y me uno espiritualmente a los fieles de esta comunidad diocesana, donde \u00e9l ejerci\u00f3 con diligencia el ministerio episcopal\u201d.<\/p>\n<p style=\"text-align: justify\">Recuerdo con admiraci\u00f3n su tenaz fidelidad a Cristo no obstante las privaciones y persecuciones contra la Iglesia, como su fecunda y m\u00faltiple actividad apost\u00f3lica, animada por el deseo de testimoniar a todos la alegr\u00eda del Evangelio, promoviendo una aut\u00e9ntica renovaci\u00f3n eclesial fiel, siempre d\u00f3cil a las inspiraciones del Esp\u00edritu Santo\u201d.<\/p>\n<p style=\"text-align: justify\">Al expresar mis sentido p\u00e9same a los familiares del difunto purpurado, al clero y a todos los fieles de esta querida di\u00f3cesis, de coraz\u00f3n imparto la confortante bendici\u00f3n apost\u00f3lica, como signo de fe y de esperanza cristiana en el Se\u00f1or resucitado\u201d.<\/p>\n<p style=\"text-align: justify\">Por su parte la Radio Vaticano inform\u00f3 que con la muerte del cardenal Vlk, el n\u00famero de cardenales del Colegio Cardenalicio desciende a 244, de los cuales 117 electores y 107 no electores.<\/p>\n<p><span class=\"et_bloom_bottom_trigger\"><\/span><\/p>\n<p><a href=\"https:\/\/es.zenit.org\/\" target=\"_blank\" rel=\"nofollow\">Fuente: es.zenit.org<\/a><\/p>\n","protected":false},"excerpt":{"rendered":"<p>(ZENIT- Ciudad del Vaticano).- El papa Francisco envi\u00f3 este s\u00e1bado un telegrama de p\u00e9same por el fallecimiento del arzobispo em\u00e9rito de Praga y cardenal Miloslav Vlk. \u201cRecuerdo con admiraci\u00f3n su tenaz fidelidad a Cristo no obstante las privaciones y persecuciones contra la Iglesia\u201d, se\u00f1al\u00f3 el Santo Padre, refiri\u00e9ndose a las persecuciones que el comunismo infligi\u00f3 &hellip; <a href=\"https:\/\/www.biblia.work\/noticias\/francisco-expresa-su-admiracion-por-el-fallecido-cardenal-polaco-miloslav-vlk\/\" class=\"more-link\">Continuar leyendo<span class=\"screen-reader-text\"> \u00abFrancisco expresa su admiraci\u00f3n por el fallecido cardenal polaco Miloslav Vlk\u00bb<\/span><\/a><\/p>\n","protected":false},"author":1,"featured_media":0,"comment_status":"open","ping_status":"closed","sticky":false,"template":"","format":"standard","meta":{"footnotes":""},"categories":[1],"tags":[],"class_list":["post-12978","post","type-post","status-publish","format-standard","hentry","category-general"],"_links":{"self":[{"href":"https:\/\/www.biblia.work\/noticias\/wp-json\/wp\/v2\/posts\/12978","targetHints":{"allow":["GET"]}}],"collection":[{"href":"https:\/\/www.biblia.work\/noticias\/wp-json\/wp\/v2\/posts"}],"about":[{"href":"https:\/\/www.biblia.work\/noticias\/wp-json\/wp\/v2\/types\/post"}],"author":[{"embeddable":true,"href":"https:\/\/www.biblia.work\/noticias\/wp-json\/wp\/v2\/users\/1"}],"replies":[{"embeddable":true,"href":"https:\/\/www.biblia.work\/noticias\/wp-json\/wp\/v2\/comments?post=12978"}],"version-history":[{"count":0,"href":"https:\/\/www.biblia.work\/noticias\/wp-json\/wp\/v2\/posts\/12978\/revisions"}],"wp:attachment":[{"href":"https:\/\/www.biblia.work\/noticias\/wp-json\/wp\/v2\/media?parent=12978"}],"wp:term":[{"taxonomy":"category","embeddable":true,"href":"https:\/\/www.biblia.work\/noticias\/wp-json\/wp\/v2\/categories?post=12978"},{"taxonomy":"post_tag","embeddable":true,"href":"https:\/\/www.biblia.work\/noticias\/wp-json\/wp\/v2\/tags?post=12978"}],"curies":[{"name":"wp","href":"https:\/\/api.w.org\/{rel}","templated":true}]}}