{"id":12980,"date":"2017-03-22T15:15:09","date_gmt":"2017-03-22T20:15:09","guid":{"rendered":"http:\/\/www.biblia.work\/noticias\/peru-en-emergencia-inundaciones-cardenal-pide-oraciones-al-senor-de-los-milagros\/"},"modified":"2017-03-22T15:15:09","modified_gmt":"2017-03-22T20:15:09","slug":"peru-en-emergencia-inundaciones-cardenal-pide-oraciones-al-senor-de-los-milagros","status":"publish","type":"post","link":"https:\/\/www.biblia.work\/noticias\/peru-en-emergencia-inundaciones-cardenal-pide-oraciones-al-senor-de-los-milagros\/","title":{"rendered":"Per\u00fa en emergencia inundaciones. Cardenal pide oraciones al Se\u00f1or de los Milagros"},"content":{"rendered":"<p style=\"text-align: justify\">(ZENIT &#8211; Roma).-\u00a0El Cardenal Juan Luis Cipriani Thorne, Arzobispo de Lima y Primado del Per\u00fa, ante los desastres naturales que est\u00e1 viviendo el\u00a0pa\u00eds en las \u00faltimas semanas, ha pedido\u00a0oraciones al Se\u00f1or de los Milagros para\u00a0&#8220;que interceda por todos los peruanos para que los proteja y bendiga en estos momentos tan adversos&#8221;.<\/p>\n<p style=\"text-align: justify\">Las lluvias torrenciales, avalanchas y desbordes de r\u00edos han provocado 62 muertos y\u00a0m\u00e1s de 62 mil damnificados en 24 regiones de Per\u00fa, inform\u00f3 ayer el Instituto Nacional de Defensa Civil (Indeci). El fen\u00f3meno llamado\u00a0&#8220;El Ni\u00f1o costero&#8221;, se debe al\u00a0sobrecalentamiento de las aguas del oc\u00e9ano Pac\u00edfico en el norte de Per\u00fa.<\/p>\n<p style=\"text-align: justify\">&nbsp;<\/p>\n<p style=\"text-align: justify\">El cardenal primado\u00a0ha dispuesto\u00a0que en todas las parroquias de la Arquidi\u00f3cesis de Lima se rece una\u00a0oraci\u00f3n al final de todas las misas desde el\u00a0jueves 16 de marzo hasta el inicio de la Semana Santa.<\/p>\n<p style=\"text-align: justify\">Asimismo, exhorta a todas las personas de buena voluntad a unirse a esta cadena de oraci\u00f3n por las familias damnificadas por las lluvias e inundaciones en todo el territorio peruano.<\/p>\n<p style=\"text-align: justify\"><strong><u>Oraci\u00f3n al Se\u00f1or de los Milagros por nuestro Per\u00fa<\/u><\/strong><\/p>\n<p style=\"text-align: justify\">Dios, Padre Omnipotente, Se\u00f1or del cielo y de la tierra,<br \/>\nte pedimos que disminuyan las fuertes lluvias que azotan nuestra geograf\u00eda<br \/>\ny est\u00e1n causando graves da\u00f1os a las familias,<br \/>\ndestruyendo sus viviendas,<br \/>\nsembrando destrucci\u00f3n en los campos de cultivo<br \/>\ny generando dolor a miles de nuestros compatriotas.<\/p>\n<p style=\"text-align: justify\">Con humilde fe acudimos a ti, Se\u00f1or de los Milagros,<br \/>\npara implorar tu protecci\u00f3n y tu bendici\u00f3n<br \/>\nen estos momentos de adversidad.<\/p>\n<p style=\"text-align: justify\">Madre m\u00eda, consuela al pueblo peruano,<br \/>\npara que unidos y solidarios afrontemos estos dif\u00edciles momentos.<br \/>\nAs\u00ed sea.<\/p>\n<p><span class=\"et_bloom_bottom_trigger\"><\/span><\/p>\n<p><a href=\"https:\/\/es.zenit.org\/\" target=\"_blank\" rel=\"nofollow\">Fuente: es.zenit.org<\/a><\/p>\n","protected":false},"excerpt":{"rendered":"<p>(ZENIT &#8211; Roma).-\u00a0El Cardenal Juan Luis Cipriani Thorne, Arzobispo de Lima y Primado del Per\u00fa, ante los desastres naturales que est\u00e1 viviendo el\u00a0pa\u00eds en las \u00faltimas semanas, ha pedido\u00a0oraciones al Se\u00f1or de los Milagros para\u00a0&#8220;que interceda por todos los peruanos para que los proteja y bendiga en estos momentos tan adversos&#8221;. Las lluvias torrenciales, avalanchas &hellip; <a href=\"https:\/\/www.biblia.work\/noticias\/peru-en-emergencia-inundaciones-cardenal-pide-oraciones-al-senor-de-los-milagros\/\" class=\"more-link\">Continuar leyendo<span class=\"screen-reader-text\"> \u00abPer\u00fa en emergencia inundaciones. Cardenal pide oraciones al Se\u00f1or de los Milagros\u00bb<\/span><\/a><\/p>\n","protected":false},"author":1,"featured_media":0,"comment_status":"open","ping_status":"closed","sticky":false,"template":"","format":"standard","meta":{"footnotes":""},"categories":[1],"tags":[],"class_list":["post-12980","post","type-post","status-publish","format-standard","hentry","category-general"],"_links":{"self":[{"href":"https:\/\/www.biblia.work\/noticias\/wp-json\/wp\/v2\/posts\/12980","targetHints":{"allow":["GET"]}}],"collection":[{"href":"https:\/\/www.biblia.work\/noticias\/wp-json\/wp\/v2\/posts"}],"about":[{"href":"https:\/\/www.biblia.work\/noticias\/wp-json\/wp\/v2\/types\/post"}],"author":[{"embeddable":true,"href":"https:\/\/www.biblia.work\/noticias\/wp-json\/wp\/v2\/users\/1"}],"replies":[{"embeddable":true,"href":"https:\/\/www.biblia.work\/noticias\/wp-json\/wp\/v2\/comments?post=12980"}],"version-history":[{"count":0,"href":"https:\/\/www.biblia.work\/noticias\/wp-json\/wp\/v2\/posts\/12980\/revisions"}],"wp:attachment":[{"href":"https:\/\/www.biblia.work\/noticias\/wp-json\/wp\/v2\/media?parent=12980"}],"wp:term":[{"taxonomy":"category","embeddable":true,"href":"https:\/\/www.biblia.work\/noticias\/wp-json\/wp\/v2\/categories?post=12980"},{"taxonomy":"post_tag","embeddable":true,"href":"https:\/\/www.biblia.work\/noticias\/wp-json\/wp\/v2\/tags?post=12980"}],"curies":[{"name":"wp","href":"https:\/\/api.w.org\/{rel}","templated":true}]}}