{"id":12981,"date":"2017-03-22T15:15:10","date_gmt":"2017-03-22T20:15:10","guid":{"rendered":"http:\/\/www.biblia.work\/noticias\/colombia-el-santo-padre-nombra-nuevo-obispo-de-tumaco\/"},"modified":"2017-03-22T15:15:10","modified_gmt":"2017-03-22T20:15:10","slug":"colombia-el-santo-padre-nombra-nuevo-obispo-de-tumaco","status":"publish","type":"post","link":"https:\/\/www.biblia.work\/noticias\/colombia-el-santo-padre-nombra-nuevo-obispo-de-tumaco\/","title":{"rendered":"Colombia: el Santo Padre nombra nuevo obispo de Tumaco"},"content":{"rendered":"<p style=\"text-align: justify\">(ZENIT- Ciudad del Vaticano, 18 Mar. 2017).- El Papa Francisco nombr\u00f3 como obispo de Tumaco al padre Orlando Olave Villanoba, hasta el momento Vicario de Pastoral y P\u00e1rroco de la Catedral \u201cLa Inmaculada\u201d en la di\u00f3cesis de Barrancabermeja. Lo inform\u00f3 este s\u00e1bado la Oficina de prensa de la Santa Sede.<\/p>\n<p style=\"text-align: justify\">Tras la renuncia de monse\u00f1or Gustavo Gir\u00f3n Higuita el 25 de julio de 2015, la di\u00f3cesis fue regentada por monse\u00f1or Julio Enrique Prado Bola\u00f1os, obispo de Pasto, indica la web de los obispos colombianos.<\/p>\n<p style=\"text-align: justify\">El padre Orlando Olave Villanoba naci\u00f3 en Barrancabermeja el 28 de enero de 1969. Fue ordenado Sacerdote el 5 de diciembre de 1998 en la Catedral de Barrancabermeja. Tiene estudios de Filosof\u00eda y Teolog\u00eda, y especializaci\u00f3n den pastoral juvenil en la Universidad Pontificia Salesiana en Roma. Ordenado en 1998, fue encardinado en la di\u00f3cesis de Barrancabermeja.<\/p>\n<p style=\"text-align: justify\">Tuvo diversos encargos parroquiales, fue capell\u00e1n del colegio \u201cMadre de la Esperanza\u201d y del colegio \u201cSagrado Coraz\u00f3n de Jes\u00fas\u201d y del Seminario \u201cSan Pedro Claver\u201d en Barrancabermeja.<\/p>\n<p style=\"text-align: justify\">Desde el 2009, ejerci\u00f3 como p\u00e1rroco della Cattedrale \u201cLa Inmaculada\u201d y desde el 2013 fue nombrado Vicario diocesano para la Pastoral.<\/p>\n<p style=\"text-align: justify\">*Datos Tumaco:<\/p>\n<p style=\"text-align: justify\">Poblaci\u00f3n: 335,320<br \/>\n% Cat\u00f3licos: 74%<br \/>\nSacerdotes diocesanos: 19<br \/>\nSacerdotes religiosos: 12<br \/>\nCat\u00f3licos por sacerdote: 8,049<br \/>\nParroquias 17<\/p>\n<p><span class=\"et_bloom_bottom_trigger\"><\/span><\/p>\n<p><a href=\"https:\/\/es.zenit.org\/\" target=\"_blank\" rel=\"nofollow\">Fuente: es.zenit.org<\/a><\/p>\n","protected":false},"excerpt":{"rendered":"<p>(ZENIT- Ciudad del Vaticano, 18 Mar. 2017).- El Papa Francisco nombr\u00f3 como obispo de Tumaco al padre Orlando Olave Villanoba, hasta el momento Vicario de Pastoral y P\u00e1rroco de la Catedral \u201cLa Inmaculada\u201d en la di\u00f3cesis de Barrancabermeja. Lo inform\u00f3 este s\u00e1bado la Oficina de prensa de la Santa Sede. Tras la renuncia de monse\u00f1or &hellip; <a href=\"https:\/\/www.biblia.work\/noticias\/colombia-el-santo-padre-nombra-nuevo-obispo-de-tumaco\/\" class=\"more-link\">Continuar leyendo<span class=\"screen-reader-text\"> \u00abColombia: el Santo Padre nombra nuevo obispo de Tumaco\u00bb<\/span><\/a><\/p>\n","protected":false},"author":1,"featured_media":0,"comment_status":"open","ping_status":"closed","sticky":false,"template":"","format":"standard","meta":{"footnotes":""},"categories":[1],"tags":[],"class_list":["post-12981","post","type-post","status-publish","format-standard","hentry","category-general"],"_links":{"self":[{"href":"https:\/\/www.biblia.work\/noticias\/wp-json\/wp\/v2\/posts\/12981","targetHints":{"allow":["GET"]}}],"collection":[{"href":"https:\/\/www.biblia.work\/noticias\/wp-json\/wp\/v2\/posts"}],"about":[{"href":"https:\/\/www.biblia.work\/noticias\/wp-json\/wp\/v2\/types\/post"}],"author":[{"embeddable":true,"href":"https:\/\/www.biblia.work\/noticias\/wp-json\/wp\/v2\/users\/1"}],"replies":[{"embeddable":true,"href":"https:\/\/www.biblia.work\/noticias\/wp-json\/wp\/v2\/comments?post=12981"}],"version-history":[{"count":0,"href":"https:\/\/www.biblia.work\/noticias\/wp-json\/wp\/v2\/posts\/12981\/revisions"}],"wp:attachment":[{"href":"https:\/\/www.biblia.work\/noticias\/wp-json\/wp\/v2\/media?parent=12981"}],"wp:term":[{"taxonomy":"category","embeddable":true,"href":"https:\/\/www.biblia.work\/noticias\/wp-json\/wp\/v2\/categories?post=12981"},{"taxonomy":"post_tag","embeddable":true,"href":"https:\/\/www.biblia.work\/noticias\/wp-json\/wp\/v2\/tags?post=12981"}],"curies":[{"name":"wp","href":"https:\/\/api.w.org\/{rel}","templated":true}]}}