{"id":12983,"date":"2017-03-22T15:15:10","date_gmt":"2017-03-22T20:15:10","guid":{"rendered":"http:\/\/www.biblia.work\/noticias\/francisco-exhorta-confesionarios-siempre-abiertos-como-el-corazon-de-dios\/"},"modified":"2017-03-22T15:15:10","modified_gmt":"2017-03-22T20:15:10","slug":"francisco-exhorta-confesionarios-siempre-abiertos-como-el-corazon-de-dios","status":"publish","type":"post","link":"https:\/\/www.biblia.work\/noticias\/francisco-exhorta-confesionarios-siempre-abiertos-como-el-corazon-de-dios\/","title":{"rendered":"Francisco exhorta: \u2018Confesionarios siempre abiertos, como el coraz\u00f3n de Dios\u2019"},"content":{"rendered":"<p style=\"text-align: justify\">(ZENIT &#8211; Ciudad del Vaticano) \u201cConfesar es prioridad pastoral. Por favor, que no haya esos carteles &#8216;Se confiesa s\u00f3lo los lunes y mi\u00e9rcoles a partir de tal hora a tal hora&#8217;. Se confiesa cada vez que te lo piden. Y si te quedas all\u00ed rezando, est\u00e1s con el confesionario abierto, que es el coraz\u00f3n de Dios abierto\u201d.<\/p>\n<p style=\"text-align: justify\">Esta fue la exhortaci\u00f3n del Papa Francisco en la audiencia que concedi\u00f3 este viernes en el Aula Pablo VI del Vaticano a los participantes en el Curso anual sobre el Foro interno, promovido del 14 al 17 de marzo por la Penitenciar\u00eda Apost\u00f3lica, en el Palacio de la Canciller\u00eda.<\/p>\n<p style=\"text-align: justify\">Pero, \u00bfqui\u00e9n es el &#8220;buen confesor&#8221;? \u00bfC\u00f3mo se convierte en un buen confesor?\u201d. Y se\u00f1al\u00f3\u00a0tres aspectos que el buen confesor debe tener:<\/p>\n<p style=\"text-align: justify\">El buen confesor es \u201cun amigo verdadero de Jes\u00fas el Buen Pastor\u201d, por lo tanto debe cultivar la oraci\u00f3n, tanto aquella personal como aquella para el ejercicio de la tarea de confesores, y para los fieles que se acercan en busca de la misericordia de Dios. Que est\u00e9 \u201cenvuelto con la oraci\u00f3n\u201d ser\u00e1 reflejo cre\u00edble de la misericordia de Dios, y evitar\u00e1 las dificultades y malentendidos que a veces tambi\u00e9n se podr\u00edan generar en el encuentro sacramental.<\/p>\n<p style=\"text-align: justify\">Adem\u00e1s es indispensable el precioso don de la humildad, para que sea claro que el perd\u00f3n es un don gratuito y sobrenatural de Dios, indic\u00f3 el Papa.<\/p>\n<p style=\"text-align: justify\">El segundo punto es que el buen confesor es \u201cun hombre del Esp\u00edritu y del discernimiento\u201d. Esto porque el discernimiento permite \u201cdistinguir\u201d, es decir, permite \u201cno poner todo en el mismo saco\u201d. \u201cEl discernimiento es tambi\u00e9n necesario porque, aquellos que se acercan al confesionario, pueden venir de muchas situaciones diferentes; tambi\u00e9n pueden tener trastornos espirituales, cuya naturaleza debe ser sometida a un cuidadoso discernimiento, teniendo en cuenta todas las circunstancias existenciales, eclesiales, naturales y sobrenaturales.<br \/>\n&#8220;El confesor no hace su propia voluntad y no ense\u00f1a su propia doctrina. Est\u00e1 llamado a hacer siempre y s\u00f3lo la voluntad de Dios, en plena comuni\u00f3n con la Iglesia, de la que es ministro, es decir servidor&#8221;, indic\u00f3.<\/p>\n<p style=\"text-align: justify\">\u201cA veces ser\u00e1 necesario re-anunciar las m\u00e1s elementales verdades de la fe, el n\u00facleo incandescente, el kerigma, sin el cual la misma experiencia del amor de Dios y de su misericordia se quedar\u00eda como muda; a veces, se tratar\u00e1 de indicar los fundamentos de la vida moral, siempre en relaci\u00f3n con la verdad, el bien y la voluntad del Se\u00f1or\u201d, indic\u00f3.<\/p>\n<p style=\"text-align: justify\">Y el tercer punto es que el confesionario es un verdadero y propio \u201clugar de evangelizaci\u00f3n\u201d, porque \u201cno hay evangelizaci\u00f3n m\u00e1s aut\u00e9ntica que el encuentro con el Dios de la misericordia\u201d.<\/p>\n<p style=\"text-align: justify\"><span style=\"color: #3366ff\"><a style=\"color: #3366ff\" href=\"https:\/\/es.zenit.org\/articles\/texto-completo-del-papa-francisco-a-los-participantes-en-el-curso-de-la-penitenciaria-apostolica\/\">(Leer el texto completo)<\/a><\/span><\/p>\n<p><span class=\"et_bloom_bottom_trigger\"><\/span><\/p>\n<p><a href=\"https:\/\/es.zenit.org\/\" target=\"_blank\" rel=\"nofollow\">Fuente: es.zenit.org<\/a><\/p>\n","protected":false},"excerpt":{"rendered":"<p>(ZENIT &#8211; Ciudad del Vaticano) \u201cConfesar es prioridad pastoral. Por favor, que no haya esos carteles &#8216;Se confiesa s\u00f3lo los lunes y mi\u00e9rcoles a partir de tal hora a tal hora&#8217;. Se confiesa cada vez que te lo piden. Y si te quedas all\u00ed rezando, est\u00e1s con el confesionario abierto, que es el coraz\u00f3n de &hellip; <a href=\"https:\/\/www.biblia.work\/noticias\/francisco-exhorta-confesionarios-siempre-abiertos-como-el-corazon-de-dios\/\" class=\"more-link\">Continuar leyendo<span class=\"screen-reader-text\"> \u00abFrancisco exhorta: \u2018Confesionarios siempre abiertos, como el coraz\u00f3n de Dios\u2019\u00bb<\/span><\/a><\/p>\n","protected":false},"author":1,"featured_media":0,"comment_status":"open","ping_status":"closed","sticky":false,"template":"","format":"standard","meta":{"footnotes":""},"categories":[1],"tags":[],"class_list":["post-12983","post","type-post","status-publish","format-standard","hentry","category-general"],"_links":{"self":[{"href":"https:\/\/www.biblia.work\/noticias\/wp-json\/wp\/v2\/posts\/12983","targetHints":{"allow":["GET"]}}],"collection":[{"href":"https:\/\/www.biblia.work\/noticias\/wp-json\/wp\/v2\/posts"}],"about":[{"href":"https:\/\/www.biblia.work\/noticias\/wp-json\/wp\/v2\/types\/post"}],"author":[{"embeddable":true,"href":"https:\/\/www.biblia.work\/noticias\/wp-json\/wp\/v2\/users\/1"}],"replies":[{"embeddable":true,"href":"https:\/\/www.biblia.work\/noticias\/wp-json\/wp\/v2\/comments?post=12983"}],"version-history":[{"count":0,"href":"https:\/\/www.biblia.work\/noticias\/wp-json\/wp\/v2\/posts\/12983\/revisions"}],"wp:attachment":[{"href":"https:\/\/www.biblia.work\/noticias\/wp-json\/wp\/v2\/media?parent=12983"}],"wp:term":[{"taxonomy":"category","embeddable":true,"href":"https:\/\/www.biblia.work\/noticias\/wp-json\/wp\/v2\/categories?post=12983"},{"taxonomy":"post_tag","embeddable":true,"href":"https:\/\/www.biblia.work\/noticias\/wp-json\/wp\/v2\/tags?post=12983"}],"curies":[{"name":"wp","href":"https:\/\/api.w.org\/{rel}","templated":true}]}}