{"id":12985,"date":"2017-03-22T17:05:02","date_gmt":"2017-03-22T22:05:02","guid":{"rendered":"http:\/\/www.biblia.work\/noticias\/panama-celebrara-con-la-virgen-de-fatima-el-dia-del-nino-por-nacer\/"},"modified":"2017-03-22T17:05:02","modified_gmt":"2017-03-22T22:05:02","slug":"panama-celebrara-con-la-virgen-de-fatima-el-dia-del-nino-por-nacer","status":"publish","type":"post","link":"https:\/\/www.biblia.work\/noticias\/panama-celebrara-con-la-virgen-de-fatima-el-dia-del-nino-por-nacer\/","title":{"rendered":"Panam\u00e1 celebrar\u00e1 con la Virgen de F\u00e1tima el D\u00eda del Ni\u00f1o por Nacer"},"content":{"rendered":"<p> CIUDAD DE PANAM\u00c1, 22 Mar. 17 (ACI).-<br \/>\n\tEl s&aacute;bado 25 de marzo, con ocasi&oacute;n de la celebraci&oacute;n del D&iacute;a del Ni&ntilde;o por Nacer, se realizar&aacute; en Ciudad de Panam&aacute; una procesi&oacute;n con una de las r&eacute;plicas de la imagen original de Virgen de F&aacute;tima que fue llevada desde Portugal al pa&iacute;s centroamericano.<\/p>\n<p style=\"text-align: justify\">\n\tLa secretaria ejecutiva de la pastoral familiar de la Arquidi&oacute;cesis de Panam&aacute;, Daysi de Guevara, explic&oacute; a ACI Prensa que el evento responde a una iniciativa del Arzobispo de Panam&aacute;, Mons. Jos&eacute; Domingo Ulloa Mendieta.<\/p>\n<p style=\"text-align: justify\">\n\tIndic&oacute; que adem&aacute;s de la procesi&oacute;n, ese d&iacute;a se rezar&aacute; un Rosario a favor de la vida y la familia ante la imagen de la Virgen.<\/p>\n<p style=\"text-align: justify\">\n\tEl 25 de marzo, que tambi&eacute;n coincide con la Solemnidad de la Anunciaci&oacute;n-Encarnaci&oacute;n del Se&ntilde;or, tambi&eacute;n se celebrar&aacute; a las 4:00 p.m. una Misa en el Santuario Nacional del Coraz&oacute;n de Mar&iacute;a, que ser&aacute; presidida por Mons. Jos&eacute; Domingo Ulloa Mendieta.<\/p>\n<p style=\"text-align: justify\">\n\tA las 5:30 p.m. se realizar&aacute; una caravana de autos desde el santuario hasta la Fuente de Anayansi, ubicada en la zona conocida como la Cinta Costera. Los veh&iacute;culos har&aacute;n dos paradas: una en la Parroquia Nuestra Se&ntilde;or del Carmen de Pasadena y otra en la Bas&iacute;lica Menor Don Bosco.<\/p>\n<p style=\"text-align: justify\">\n\tUna vez que la caravana llegue a la Cinta Costera, un grupo de ni&ntilde;os har&aacute; una representaci&oacute;n sobre las apariciones de F&aacute;tima en Cova de Ir&iacute;a.<\/p>\n<p style=\"text-align: justify\">\n\tA las 6:30 p.m. comenzar&aacute; el rezo del Rosario. De Guevara se&ntilde;al&oacute; que el primer misterio ser&aacute; dirigido por un grupo de j&oacute;venes y se ofrecer&aacute; por los frutos de la Jornada Mundial de la Juventud Panam&aacute; el 2019. Los dem&aacute;s estar&aacute;n a cargo de algunas familias.<\/p>\n<p style=\"text-align: justify\">\n\tCuando termine el Rosario habr&aacute; una procesi&oacute;n de velas que recorrer&aacute; un kil&oacute;metro de la Cinta Costera.<\/p>\n<p style=\"text-align: justify\">\n\tAl final se realizar&aacute; una consagraci&oacute;n de las familias a la Virgen de F&aacute;tima. Despu&eacute;s los asistentes agitar&aacute;n unos pa&ntilde;uelos blancos como despedida a la imagen peregrina que ser&aacute; enviada esa noche a la Iglesia San Francisco de Paula tambi&eacute;n en Ciudad de Panam&aacute;.<\/p>\n<p style=\"text-align: justify\">\n\t&ldquo;Todo el evento es parecido a las peregrinaciones que se hacen en el Santuario de F&aacute;tima en Portugal. Ese d&iacute;a (el 25 de marzo) vamos a estar conectados con los peregrinos en Cova de Ir&iacute;a&rdquo;, manifest&oacute; la secretaria ejecutiva de la pastoral familiar de la Arquidi&oacute;cesis de Panam&aacute;.<\/p>\n<p style=\"text-align: justify\">\n\tLa imagen peregrina de la Virgen de F&aacute;tima lleg&oacute; al pa&iacute;s el 21 de febrero. La &uacute;ltima parada es Ciudad de Panam&aacute;, a donde arrib&oacute; el 16 de marzo. El d&iacute;a 30 partir&aacute; rumbo a Portugal y se celebrar&aacute; una Misa de despedida a las 10:00 a.m. en el aeropuerto local.<\/p>\n<p style=\"text-align: justify\">\n\tTambi&eacute;n te puede interesar:<\/p>\n<p style=\"text-align: justify\">\n\t\tVIDEO: Arzobispo de Panam&aacute; agradece al Papa &ldquo;hermoso mensaje&rdquo; de preparaci&oacute;n a JMJ 2019 https:\/\/t.co\/x4rYbpfOOw<\/p>\n<p>\t&mdash; ACI Prensa (@aciprensa) 21 de marzo de 2017<\/p>\n","protected":false},"excerpt":{"rendered":"<p>CIUDAD DE PANAM\u00c1, 22 Mar. 17 (ACI).- El s&aacute;bado 25 de marzo, con ocasi&oacute;n de la celebraci&oacute;n del D&iacute;a del Ni&ntilde;o por Nacer, se realizar&aacute; en Ciudad de Panam&aacute; una procesi&oacute;n con una de las r&eacute;plicas de la imagen original de Virgen de F&aacute;tima que fue llevada desde Portugal al pa&iacute;s centroamericano. La secretaria ejecutiva &hellip; <a href=\"https:\/\/www.biblia.work\/noticias\/panama-celebrara-con-la-virgen-de-fatima-el-dia-del-nino-por-nacer\/\" class=\"more-link\">Continuar leyendo<span class=\"screen-reader-text\"> \u00abPanam\u00e1 celebrar\u00e1 con la Virgen de F\u00e1tima el D\u00eda del Ni\u00f1o por Nacer\u00bb<\/span><\/a><\/p>\n","protected":false},"author":1,"featured_media":0,"comment_status":"open","ping_status":"closed","sticky":false,"template":"","format":"standard","meta":{"footnotes":""},"categories":[1],"tags":[],"class_list":["post-12985","post","type-post","status-publish","format-standard","hentry","category-general"],"_links":{"self":[{"href":"https:\/\/www.biblia.work\/noticias\/wp-json\/wp\/v2\/posts\/12985","targetHints":{"allow":["GET"]}}],"collection":[{"href":"https:\/\/www.biblia.work\/noticias\/wp-json\/wp\/v2\/posts"}],"about":[{"href":"https:\/\/www.biblia.work\/noticias\/wp-json\/wp\/v2\/types\/post"}],"author":[{"embeddable":true,"href":"https:\/\/www.biblia.work\/noticias\/wp-json\/wp\/v2\/users\/1"}],"replies":[{"embeddable":true,"href":"https:\/\/www.biblia.work\/noticias\/wp-json\/wp\/v2\/comments?post=12985"}],"version-history":[{"count":0,"href":"https:\/\/www.biblia.work\/noticias\/wp-json\/wp\/v2\/posts\/12985\/revisions"}],"wp:attachment":[{"href":"https:\/\/www.biblia.work\/noticias\/wp-json\/wp\/v2\/media?parent=12985"}],"wp:term":[{"taxonomy":"category","embeddable":true,"href":"https:\/\/www.biblia.work\/noticias\/wp-json\/wp\/v2\/categories?post=12985"},{"taxonomy":"post_tag","embeddable":true,"href":"https:\/\/www.biblia.work\/noticias\/wp-json\/wp\/v2\/tags?post=12985"}],"curies":[{"name":"wp","href":"https:\/\/api.w.org\/{rel}","templated":true}]}}