{"id":12995,"date":"2017-03-23T07:15:02","date_gmt":"2017-03-23T12:15:02","guid":{"rendered":"http:\/\/www.biblia.work\/noticias\/el-papa-nombra-a-un-nuevo-obispo-auxiliar-en-santiago-de-chile\/"},"modified":"2017-03-23T07:15:02","modified_gmt":"2017-03-23T12:15:02","slug":"el-papa-nombra-a-un-nuevo-obispo-auxiliar-en-santiago-de-chile","status":"publish","type":"post","link":"https:\/\/www.biblia.work\/noticias\/el-papa-nombra-a-un-nuevo-obispo-auxiliar-en-santiago-de-chile\/","title":{"rendered":"El Papa nombra a un nuevo obispo auxiliar en Santiago de Chile"},"content":{"rendered":"<p style=\"text-align: justify\">(ZENIT, Ciudad del Vaticano, 23 Mar. 2017).- Santo Padre Francisco ha nombrado obispo auxiliar de la Arquidi\u00f3cesis de Santiago de Chile al presb\u00edtero Cristi\u00e1n Roncagliolo Pacheco, del clero de dicha arquidi\u00f3cesis, hasta ahora vice gran canciller de la Pontificia Universidad Cat\u00f3lica de Chile, asign\u00e1ndole la Sede Titular de Ospita. Lo inform\u00f3 este jueves la Oficina de prensa de la Santa Sede.<\/p>\n<p style=\"text-align: justify\">Desde el pa\u00eds andino informan que \u201cla arquidi\u00f3cesis de Santiago de Chile, que conduce pastoralmente el Arzobispo, Cardenal Ricardo Ezzati, cuenta, desde esta fecha, con seis obispos auxiliares: Mons. Fernando Ramos, Mons. Galo Fern\u00e1ndez, Mons. Pedro Ossand\u00f3n, Mons. Jorge Concha, Mons. Andr\u00e9s Arteaga y Mons. Cristi\u00e1n Roncagliolo&#8221;.<\/p>\n<p style=\"text-align: justify\"><strong>Mons. Cristi\u00e1n Roncagliolo Pacheco<\/strong><br \/>\nMons. Cristi\u00e1n Carlos Roncagliolo Pacheco naci\u00f3 en Santiago de Chile el 10 de septiembre de 1969. Curs\u00f3 por tres a\u00f1os la carera de Derecho en la Pontificia Universidad Cat\u00f3lica de Chile y posteriormente ingres\u00f3 al Seminario Pontificio Mayor de Santiago, donde curs\u00f3 los estudios eclesi\u00e1sticos para el sacerdocio. Fue ordenado di\u00e1cono el 24 de octubre de 1998 y sacerdote el 3 de julio de 1999.<\/p>\n<p style=\"text-align: justify\">Fue Vicario Parroquial en la Parroquia Santa Rita de Casia (1999-2000); Vicario Parroquial en la Parroquia de San Carlos Borromeo y Capell\u00e1n del Monasterio San Jos\u00e9 de las Carmelitas Descalzas (2002-2006); Vicario Parroquial de la Parroquia de Santa Teresa de los Andes (2009-2011); y Vicario Parroquial de la Parroquia de Nuestra Se\u00f1ora de las Mercedes, desde 2012 hasta la fecha.<\/p>\n<p style=\"text-align: justify\">Simult\u00e1neamente con los mencionados servicios, se desempe\u00f1\u00f3 como Secretario de la Comisi\u00f3n Nacional para el Jubileo del a\u00f1o 2000 y Secretario particular del Card. Francisco Javier Err\u00e1zuriz Ossa, Arzobispo de Santiago de Chile, entre los a\u00f1os 2001 y 2006.<\/p>\n<p style=\"text-align: justify\">En 2006 obtuvo en la Pontificia Universidad Cat\u00f3lica de Chile la Licencia en Teolog\u00eda Dogm\u00e1tica con la tesis \u201cLa vocaci\u00f3n laical en los escritos de Manuel Larra\u00edn&#8221;. Particip\u00f3 en la V Conferencia del Episcopado Latinoamericano (Aparecida, Brasil, 2007) como ayudante en la Comisi\u00f3n de Redacci\u00f3n del Documento final.<\/p>\n<p style=\"text-align: justify\">En 2009 obtuvo el Doctorado en Teolog\u00eda en la Pontificia Universidad Salesiana de Roma con la tesis &#8220;El discipulado en Aparecida. Estudio de un tema central en el Documento de la V Conferencia del Episcopado Latinoamericano&#8221; (2009). Durante los estudios de Doctorado fue elegido por sus pares Vicerrector del<em> Collegio Ecclesiastico Internazionale San Carlo Borromeo<\/em> en Roma.<\/p>\n<p style=\"text-align: justify\">A su retorno al pa\u00eds, fue nombrado Capell\u00e1n Mayor de la Pontificia Universidad Cat\u00f3lica de Chile. El a\u00f1o 2010 fue nombrado Director de la pastoral de la Pontificia Universidad Cat\u00f3lica de Chile. Desde 2011 es Vice Gran Canciller de la misma Universidad y, desde 2014, tambi\u00e9n es Capell\u00e1n General de DUOC-UC.<\/p>\n<p style=\"text-align: justify\">Ha sido profesor de Teolog\u00eda Pastoral Fundamental, de Ecumenismo y Misionolog\u00eda en el Seminario Pontificio Mayor de Santiago. Actualmente es profesor de Teolog\u00eda Pastoral y de Sacramento del Matrimonio en la Facultad de Teolog\u00eda de la Pontificia Universidad Cat\u00f3lica de Chile. Desde 2011 a 2014 ha sido miembro y secretario del Consejo Presbiteral del Arzobispado de Santiago de Chile.<\/p>\n<p style=\"text-align: justify\">En enero de 2017 ha sido nombrado miembro del Comit\u00e9 Central del pr\u00f3ximo S\u00ednodo arquidiocesano sobre \u201cLos j\u00f3venes, la fe y el discernimiento vocacional&#8221;. El 23 de marzo de 2017, memoria lit\u00fargica de Santo Toribio de Mogrovejo, el Santo Padre lo ha nombrado Obispo Titular de Ospita y Auxiliar de la Arquidi\u00f3cesis de Santiago de Chile.<\/p>\n<p style=\"text-align: justify\">Fuentes: Oficina de prensa de la Santa Sede, Nunciatura Apost\u00f3lica \u2013 Prensa CECh<br \/>\nIm\u00e1genes Pastoral UC<\/p>\n<p><span class=\"et_bloom_bottom_trigger\"><\/span><\/p>\n<p><a href=\"https:\/\/es.zenit.org\/\" target=\"_blank\" rel=\"nofollow\">Fuente: es.zenit.org<\/a><\/p>\n","protected":false},"excerpt":{"rendered":"<p>(ZENIT, Ciudad del Vaticano, 23 Mar. 2017).- Santo Padre Francisco ha nombrado obispo auxiliar de la Arquidi\u00f3cesis de Santiago de Chile al presb\u00edtero Cristi\u00e1n Roncagliolo Pacheco, del clero de dicha arquidi\u00f3cesis, hasta ahora vice gran canciller de la Pontificia Universidad Cat\u00f3lica de Chile, asign\u00e1ndole la Sede Titular de Ospita. Lo inform\u00f3 este jueves la Oficina &hellip; <a href=\"https:\/\/www.biblia.work\/noticias\/el-papa-nombra-a-un-nuevo-obispo-auxiliar-en-santiago-de-chile\/\" class=\"more-link\">Continuar leyendo<span class=\"screen-reader-text\"> \u00abEl Papa nombra a un nuevo obispo auxiliar en Santiago de Chile\u00bb<\/span><\/a><\/p>\n","protected":false},"author":1,"featured_media":0,"comment_status":"open","ping_status":"closed","sticky":false,"template":"","format":"standard","meta":{"footnotes":""},"categories":[1],"tags":[],"class_list":["post-12995","post","type-post","status-publish","format-standard","hentry","category-general"],"_links":{"self":[{"href":"https:\/\/www.biblia.work\/noticias\/wp-json\/wp\/v2\/posts\/12995","targetHints":{"allow":["GET"]}}],"collection":[{"href":"https:\/\/www.biblia.work\/noticias\/wp-json\/wp\/v2\/posts"}],"about":[{"href":"https:\/\/www.biblia.work\/noticias\/wp-json\/wp\/v2\/types\/post"}],"author":[{"embeddable":true,"href":"https:\/\/www.biblia.work\/noticias\/wp-json\/wp\/v2\/users\/1"}],"replies":[{"embeddable":true,"href":"https:\/\/www.biblia.work\/noticias\/wp-json\/wp\/v2\/comments?post=12995"}],"version-history":[{"count":0,"href":"https:\/\/www.biblia.work\/noticias\/wp-json\/wp\/v2\/posts\/12995\/revisions"}],"wp:attachment":[{"href":"https:\/\/www.biblia.work\/noticias\/wp-json\/wp\/v2\/media?parent=12995"}],"wp:term":[{"taxonomy":"category","embeddable":true,"href":"https:\/\/www.biblia.work\/noticias\/wp-json\/wp\/v2\/categories?post=12995"},{"taxonomy":"post_tag","embeddable":true,"href":"https:\/\/www.biblia.work\/noticias\/wp-json\/wp\/v2\/tags?post=12995"}],"curies":[{"name":"wp","href":"https:\/\/api.w.org\/{rel}","templated":true}]}}