{"id":13000,"date":"2017-03-23T08:15:02","date_gmt":"2017-03-23T13:15:02","guid":{"rendered":"http:\/\/www.biblia.work\/noticias\/el-papa-reza-por-las-victimas-del-atentado-en-londres\/"},"modified":"2017-03-23T08:15:02","modified_gmt":"2017-03-23T13:15:02","slug":"el-papa-reza-por-las-victimas-del-atentado-en-londres","status":"publish","type":"post","link":"https:\/\/www.biblia.work\/noticias\/el-papa-reza-por-las-victimas-del-atentado-en-londres\/","title":{"rendered":"El Papa reza por las v\u00edctimas del atentado en Londres"},"content":{"rendered":"<p style=\"text-align: justify\">(ZENIT, Ciudad del Vaticano, 23 Mar. 2017).- El santo padre Francisco hizo llegar sus condolencias por el atentado terrorista que se registr\u00f3 este mi\u00e9rcoles en Londres, a trav\u00e9s de un telegrama enviado hoy por el Secretario de Estado de la Santa Sede, Pietro Parolin, al arzobispo de Westminster, el card. Vincent Nichols, presidente de la Conferencia episcopal de Inglaterra y Gales.<\/p>\n<p style=\"text-align: justify\">\u201cProfundamente entristecido al tomar conocimiento de la p\u00e9rdida de vidas y heridos causados por el ataque terrorista en el centro de Londres, Su santidad el papa Francisco asegur\u00f3 sus oraciones y solidaridad con todos los golpeados por esta tragedia\u201d.<\/p>\n<p style=\"text-align: justify\">Encomendando a todos los que han muerto a la misericordia de Dios todopoderoso, Su santidad pide para los familiares afligidos la fuerza divina y la paz, y asegura a la naci\u00f3n sus oraciones en este momento\u201d.<\/p>\n<p style=\"text-align: justify\">El agresor atropell\u00f3 con su camioneta a los peatones que cruzaban el puente de Westminster, y se dirigi\u00f3 luego al recinto del Parlamento, donde mat\u00f3 a cuchilladas a un polic\u00eda antes de ser abatido.<\/p>\n<p style=\"text-align: justify\">Tres muertos 40 heridos, de los cuales 29 se encuentran en diversos hospitales de la capital y 7 en estado cr\u00edtico es el saldo del atentado. Los fallecidos son un agente de polic\u00eda padre de familia, de 48 a\u00f1os; una brit\u00e1nica de 43 profesora de espa\u00f1ol; y un tercer hombre de 50 a\u00f1os cuya identidad no fue revelada, adem\u00e1s del terrorista abatido.<\/p>\n<p style=\"text-align: justify\">El agresor era un brit\u00e1nico se\u00f1alado por los servicios de inteligencia brit\u00e1nica por v\u00ednculos con extremistas, seg\u00fan ha informado este jueves la primera ministra Theresa May en el Parlamento.<\/p>\n<p><span class=\"et_bloom_bottom_trigger\"><\/span><\/p>\n<p><a href=\"https:\/\/es.zenit.org\/\" target=\"_blank\" rel=\"nofollow\">Fuente: es.zenit.org<\/a><\/p>\n","protected":false},"excerpt":{"rendered":"<p>(ZENIT, Ciudad del Vaticano, 23 Mar. 2017).- El santo padre Francisco hizo llegar sus condolencias por el atentado terrorista que se registr\u00f3 este mi\u00e9rcoles en Londres, a trav\u00e9s de un telegrama enviado hoy por el Secretario de Estado de la Santa Sede, Pietro Parolin, al arzobispo de Westminster, el card. Vincent Nichols, presidente de la &hellip; <a href=\"https:\/\/www.biblia.work\/noticias\/el-papa-reza-por-las-victimas-del-atentado-en-londres\/\" class=\"more-link\">Continuar leyendo<span class=\"screen-reader-text\"> \u00abEl Papa reza por las v\u00edctimas del atentado en Londres\u00bb<\/span><\/a><\/p>\n","protected":false},"author":1,"featured_media":0,"comment_status":"open","ping_status":"closed","sticky":false,"template":"","format":"standard","meta":{"footnotes":""},"categories":[1],"tags":[],"class_list":["post-13000","post","type-post","status-publish","format-standard","hentry","category-general"],"_links":{"self":[{"href":"https:\/\/www.biblia.work\/noticias\/wp-json\/wp\/v2\/posts\/13000","targetHints":{"allow":["GET"]}}],"collection":[{"href":"https:\/\/www.biblia.work\/noticias\/wp-json\/wp\/v2\/posts"}],"about":[{"href":"https:\/\/www.biblia.work\/noticias\/wp-json\/wp\/v2\/types\/post"}],"author":[{"embeddable":true,"href":"https:\/\/www.biblia.work\/noticias\/wp-json\/wp\/v2\/users\/1"}],"replies":[{"embeddable":true,"href":"https:\/\/www.biblia.work\/noticias\/wp-json\/wp\/v2\/comments?post=13000"}],"version-history":[{"count":0,"href":"https:\/\/www.biblia.work\/noticias\/wp-json\/wp\/v2\/posts\/13000\/revisions"}],"wp:attachment":[{"href":"https:\/\/www.biblia.work\/noticias\/wp-json\/wp\/v2\/media?parent=13000"}],"wp:term":[{"taxonomy":"category","embeddable":true,"href":"https:\/\/www.biblia.work\/noticias\/wp-json\/wp\/v2\/categories?post=13000"},{"taxonomy":"post_tag","embeddable":true,"href":"https:\/\/www.biblia.work\/noticias\/wp-json\/wp\/v2\/tags?post=13000"}],"curies":[{"name":"wp","href":"https:\/\/api.w.org\/{rel}","templated":true}]}}