{"id":13002,"date":"2017-03-23T09:15:02","date_gmt":"2017-03-23T14:15:02","guid":{"rendered":"http:\/\/www.biblia.work\/noticias\/el-papa-aprueba-los-milagros-que-volveran-santos-a-jacinta-y-francisco-marto-videntes-de-fatima\/"},"modified":"2017-03-23T09:15:02","modified_gmt":"2017-03-23T14:15:02","slug":"el-papa-aprueba-los-milagros-que-volveran-santos-a-jacinta-y-francisco-marto-videntes-de-fatima","status":"publish","type":"post","link":"https:\/\/www.biblia.work\/noticias\/el-papa-aprueba-los-milagros-que-volveran-santos-a-jacinta-y-francisco-marto-videntes-de-fatima\/","title":{"rendered":"El Papa aprueba los milagros que volver\u00e1n santos a Jacinta y Francisco Marto, videntes de F\u00e1tima"},"content":{"rendered":"<p style=\"text-align: justify\">(ZENIT \u2013 Ciudad del Vaticano, 23 Mar. 2017).- Dos de los pastorcitos de las apariciones de F\u00e1tima en 1917: Jacinta y Francisco Marto &#8211;primos de la tercera vidente, sor Luc\u00eda&#8211; \u00a0ser\u00e1n declarados santos.<\/p>\n<p style=\"text-align: justify\">En la audiencia que el papa Francisco tuvo este jueves en el Vaticano con el cardenal Angel Amato, prefecto de la Congregaci\u00f3n de la causa de los santos, autoriz\u00f3 los milagros que permiten la canonizaci\u00f3n de la beata Jacinta Marto, nacida el 11 de marzo de 1910 y fallecida el 20 de febrero de 1920; y del beato Francisco Marto, quien naci\u00f3 el 11 de junio de 1908 y falleci\u00f3 el 1 de abril de 1919.<\/p>\n<p style=\"text-align: justify\">Ambos pastorcitos fueron beatificados el\u00a013 de mayo de 2000, por el papa Juan Pablo II. El lugar y fecha para la canonizaci\u00f3n ser\u00e1 decidida por los cardenales reunidos en el Vaticano en consistorio, el 20 de abril, poco antes del viaje del Papa por el centenario de las apariciones, el pr\u00f3ximo 12 y 13 de mayo.<\/p>\n<p style=\"text-align: justify\">La autorizaci\u00f3n del milagro, aprobado primero por la junta m\u00e9dica como inexplicable permite que los beatos sean elevados a los altares.<\/p>\n<p style=\"text-align: justify\">El Santo Padre ha autorizado adem\u00e1s a la Congregaci\u00f3n para las Causas de los Santos a promulgar los decretos siguientes:<\/p>\n<p style=\"text-align: justify\"><strong>Milagro:<\/strong><br \/>\n&#8211; un milagro atribuido a la intercesi\u00f3n del beato Angelo de Acre (en el siglo Luca Antonio Falcone), sacerdote profeso de la Orden de los Hermanos Menores Capuchinos; nacido el 19 de octubre de 1669 y fallecido el 30 de octubre de 1739.<\/p>\n<p style=\"text-align: justify\">&#8211; el martirio de los Siervos de Dios Jos\u00e9 Maria Fern\u00e1ndez S\u00e1nchez y 32 compa\u00f1eros, sacerdotes y hermanos codjutores de la Congregaci\u00f3n de la Misi\u00f3n, as\u00ed como \u00a0de 6 laicos de la Asociaci\u00f3n de de la Medalla Milagrosa de la Bienaventurada Virgen Mar\u00eda, asesinados por odio a la fe en 1936 durante la Guerra Civil espa\u00f1ola.<\/p>\n<p style=\"text-align: justify\"><strong>Martirio<\/strong><br \/>\n&#8211; el martirio de la Sierva de Dio Rani Maria Vattalil (en el siglo Mariam), religiosa profesa de la Congregaci\u00f3n de las Hermanas Clarisas Franciscanas; asesinada por odio a la fe el 25 de Febrero de 1995.<\/p>\n<p style=\"text-align: justify\"><strong>Virtudes heroicas\u00a0<\/strong><br \/>\n&#8211; las virtudes heroicas del Siervo de Dio Daniele Samarate (en el siglo Felice Rossini), sacerdote profeso de la Orden de los Frailes Menores Capuchinos; nacido el 15 de junio de 1876 y fallecido el 19 de de mayo de 1924.<\/p>\n<p style=\"text-align: justify\">&#8211; las virtudes heroicas de la Sierva de Dios Macrina Raparelli (en el siglo Elena), fundadora de la congregaci\u00f3n de las Hermanas Basilianas Hijas de Santa Macrina; nacida el 2 de abril de 1893 y fallecida el 26 de febrero de 1970.<\/p>\n<p style=\"text-align: justify\">&#8211; las virtudes heroicas de la Sierva de Dios Daniela Zanetta, laica; nacida el 15 de diciembre de 1962 y fallecida \u00a0el\u00a0 14 de abril de 1986.<\/p>\n<p style=\"text-align: justify\"><strong>Canonizaciones<\/strong><br \/>\nEl Santo Padre ha aprobado tambi\u00e9n los votos favorables \u00a0de la Sesi\u00f3n Ordinaria de cardenales y obispos miembros de la Congregaci\u00f3n para la canonizaci\u00f3n de los siguientes beatos:<\/p>\n<p style=\"text-align: justify\">&#8211; Andrea de Soveral y Ambrogio Francesco Ferro, sacerdotes diocesanos, y Mateus Moreira, laico, y 27 compa\u00f1eros m\u00e1rtires, asesinados por odio a la fe en Brasil el 16 de julio de 1645 y el 3 de octubre de 1645.<\/p>\n<p style=\"text-align: justify\">&#8211; Crist\u00f3bal, Antonio y Juan, adolescentes, m\u00e1rtires, asesinados por odio a la fe en M\u00e9xico en 1529.<\/p>\n<p style=\"text-align: justify\">&nbsp;<\/p>\n<p><span class=\"et_bloom_bottom_trigger\"><\/span><\/p>\n<p><a href=\"https:\/\/es.zenit.org\/\" target=\"_blank\" rel=\"nofollow\">Fuente: es.zenit.org<\/a><\/p>\n","protected":false},"excerpt":{"rendered":"<p>(ZENIT \u2013 Ciudad del Vaticano, 23 Mar. 2017).- Dos de los pastorcitos de las apariciones de F\u00e1tima en 1917: Jacinta y Francisco Marto &#8211;primos de la tercera vidente, sor Luc\u00eda&#8211; \u00a0ser\u00e1n declarados santos. En la audiencia que el papa Francisco tuvo este jueves en el Vaticano con el cardenal Angel Amato, prefecto de la Congregaci\u00f3n &hellip; <a href=\"https:\/\/www.biblia.work\/noticias\/el-papa-aprueba-los-milagros-que-volveran-santos-a-jacinta-y-francisco-marto-videntes-de-fatima\/\" class=\"more-link\">Continuar leyendo<span class=\"screen-reader-text\"> \u00abEl Papa aprueba los milagros que volver\u00e1n santos a Jacinta y Francisco Marto, videntes de F\u00e1tima\u00bb<\/span><\/a><\/p>\n","protected":false},"author":1,"featured_media":0,"comment_status":"open","ping_status":"closed","sticky":false,"template":"","format":"standard","meta":{"footnotes":""},"categories":[1],"tags":[],"class_list":["post-13002","post","type-post","status-publish","format-standard","hentry","category-general"],"_links":{"self":[{"href":"https:\/\/www.biblia.work\/noticias\/wp-json\/wp\/v2\/posts\/13002","targetHints":{"allow":["GET"]}}],"collection":[{"href":"https:\/\/www.biblia.work\/noticias\/wp-json\/wp\/v2\/posts"}],"about":[{"href":"https:\/\/www.biblia.work\/noticias\/wp-json\/wp\/v2\/types\/post"}],"author":[{"embeddable":true,"href":"https:\/\/www.biblia.work\/noticias\/wp-json\/wp\/v2\/users\/1"}],"replies":[{"embeddable":true,"href":"https:\/\/www.biblia.work\/noticias\/wp-json\/wp\/v2\/comments?post=13002"}],"version-history":[{"count":0,"href":"https:\/\/www.biblia.work\/noticias\/wp-json\/wp\/v2\/posts\/13002\/revisions"}],"wp:attachment":[{"href":"https:\/\/www.biblia.work\/noticias\/wp-json\/wp\/v2\/media?parent=13002"}],"wp:term":[{"taxonomy":"category","embeddable":true,"href":"https:\/\/www.biblia.work\/noticias\/wp-json\/wp\/v2\/categories?post=13002"},{"taxonomy":"post_tag","embeddable":true,"href":"https:\/\/www.biblia.work\/noticias\/wp-json\/wp\/v2\/tags?post=13002"}],"curies":[{"name":"wp","href":"https:\/\/api.w.org\/{rel}","templated":true}]}}