{"id":13008,"date":"2017-03-23T11:05:03","date_gmt":"2017-03-23T16:05:03","guid":{"rendered":"http:\/\/www.biblia.work\/noticias\/los-ninos-martires-de-tlaxcala-en-mexico-seran-canonizados\/"},"modified":"2017-03-23T11:05:03","modified_gmt":"2017-03-23T16:05:03","slug":"los-ninos-martires-de-tlaxcala-en-mexico-seran-canonizados","status":"publish","type":"post","link":"https:\/\/www.biblia.work\/noticias\/los-ninos-martires-de-tlaxcala-en-mexico-seran-canonizados\/","title":{"rendered":"Los Ni\u00f1os M\u00e1rtires de Tlaxcala en M\u00e9xico ser\u00e1n canonizados"},"content":{"rendered":"<p> REDACCI\u00d3N CENTRAL, 23 Mar. 17 (ACI).-<br \/>\n\tEl Papa Francisco aprob&oacute; hoy la canonizaci&oacute;n de Crist&oacute;bal, Antonio y Juan, los &ldquo;Ni&ntilde;os M&aacute;rtires de Tlaxcala&rdquo; asesinados por odio a la fe en M&eacute;xico entre 1527 y 1529.<\/p>\n<p style=\"text-align: justify\">\n\tSeg&uacute;n inform&oacute; la Oficina de Prensa de la Santa Sede, el Santo Padre aprob&oacute; &ldquo;los votos favorables de la Sesi&oacute;n Ordinaria de cardenales y obispos miembros de la Congregaci&oacute;n para la canonizaci&oacute;n&rdquo; de los tres m&aacute;rtires mexicanos.<\/p>\n<p style=\"text-align: justify\">\n\tCrist&oacute;bal, Antonio y Juan fueron beatificados el 6 de mayo de 1990, en la Bas&iacute;lica de Guadalupe de Ciudad de M&eacute;xico, por San Juan Pablo II.<\/p>\n<p style=\"text-align: justify\">\n\tCrist&oacute;bal naci&oacute; en Atlihuetzia, en el actual estado mexicano de Tlaxcala, en el entonces Virreinato de Nueva Espa&ntilde;a. Fue hijo del cacique Acxotecatl.<\/p>\n<p style=\"text-align: justify\">\n\tEl ni&ntilde;o fue educado por los frailes franciscanos que evangelizaban la regi&oacute;n, entre 1524 y 1527.<\/p>\n<p style=\"text-align: justify\">\n\tTras bautizarse, exhortaba a su padre y a su familia para que dejaran la embriaguez y la adoraci&oacute;n de &iacute;dolos, causando la ira de su progenitor. A los 12 a&ntilde;os, producto de los golpes y quemaduras provocadas por su padre, Crist&oacute;bal muri&oacute;.<\/p>\n<p style=\"text-align: justify\">\n\tSus restos fueron trasladados posteriormente al ex convento de San Francisco, actualmente Catedral de Nuestra Se&ntilde;ora de la Asunci&oacute;n de Tlaxcala.<\/p>\n<p style=\"text-align: justify\">\n\tAntonio y Juan nacieron el en pueblo de Tizatl&aacute;n, entonces parte del se&ntilde;or&iacute;o de Tlaxcala. Educados primero por franciscanos y luego por dominicos, los ni&ntilde;os recolectaron &iacute;dolos en poblados de la regi&oacute;n para luego destruirlos.<\/p>\n<p style=\"text-align: justify\">\n\tLos pobladores de la regi&oacute;n los sorprendieron y mataron a ambos ni&ntilde;os con palos.<\/p>\n<p style=\"text-align: justify\">\n\tNoticia en desarrollo.<\/p>\n<p style=\"text-align: justify\">\n\tTambi&eacute;n te puede interesar:<\/p>\n<p style=\"text-align: justify\">\n\t\tEl Papa aprueba milagro que har&aacute; santos a pastorcitos de F&aacute;tima Francisco y Jacinta https:\/\/t.co\/Wa3Xm55tbv<\/p>\n<p>\t&mdash; ACI Prensa (@aciprensa) 23 de marzo de 2017<\/p>\n","protected":false},"excerpt":{"rendered":"<p>REDACCI\u00d3N CENTRAL, 23 Mar. 17 (ACI).- El Papa Francisco aprob&oacute; hoy la canonizaci&oacute;n de Crist&oacute;bal, Antonio y Juan, los &ldquo;Ni&ntilde;os M&aacute;rtires de Tlaxcala&rdquo; asesinados por odio a la fe en M&eacute;xico entre 1527 y 1529. Seg&uacute;n inform&oacute; la Oficina de Prensa de la Santa Sede, el Santo Padre aprob&oacute; &ldquo;los votos favorables de la Sesi&oacute;n &hellip; <a href=\"https:\/\/www.biblia.work\/noticias\/los-ninos-martires-de-tlaxcala-en-mexico-seran-canonizados\/\" class=\"more-link\">Continuar leyendo<span class=\"screen-reader-text\"> \u00abLos Ni\u00f1os M\u00e1rtires de Tlaxcala en M\u00e9xico ser\u00e1n canonizados\u00bb<\/span><\/a><\/p>\n","protected":false},"author":1,"featured_media":0,"comment_status":"open","ping_status":"closed","sticky":false,"template":"","format":"standard","meta":{"footnotes":""},"categories":[1],"tags":[],"class_list":["post-13008","post","type-post","status-publish","format-standard","hentry","category-general"],"_links":{"self":[{"href":"https:\/\/www.biblia.work\/noticias\/wp-json\/wp\/v2\/posts\/13008","targetHints":{"allow":["GET"]}}],"collection":[{"href":"https:\/\/www.biblia.work\/noticias\/wp-json\/wp\/v2\/posts"}],"about":[{"href":"https:\/\/www.biblia.work\/noticias\/wp-json\/wp\/v2\/types\/post"}],"author":[{"embeddable":true,"href":"https:\/\/www.biblia.work\/noticias\/wp-json\/wp\/v2\/users\/1"}],"replies":[{"embeddable":true,"href":"https:\/\/www.biblia.work\/noticias\/wp-json\/wp\/v2\/comments?post=13008"}],"version-history":[{"count":0,"href":"https:\/\/www.biblia.work\/noticias\/wp-json\/wp\/v2\/posts\/13008\/revisions"}],"wp:attachment":[{"href":"https:\/\/www.biblia.work\/noticias\/wp-json\/wp\/v2\/media?parent=13008"}],"wp:term":[{"taxonomy":"category","embeddable":true,"href":"https:\/\/www.biblia.work\/noticias\/wp-json\/wp\/v2\/categories?post=13008"},{"taxonomy":"post_tag","embeddable":true,"href":"https:\/\/www.biblia.work\/noticias\/wp-json\/wp\/v2\/tags?post=13008"}],"curies":[{"name":"wp","href":"https:\/\/api.w.org\/{rel}","templated":true}]}}