{"id":13009,"date":"2017-03-23T11:10:02","date_gmt":"2017-03-23T16:10:02","guid":{"rendered":"http:\/\/www.biblia.work\/noticias\/arrestan-a-predicador-por-hablar-de-dios-en-parque-dominicano\/"},"modified":"2017-03-23T11:10:02","modified_gmt":"2017-03-23T16:10:02","slug":"arrestan-a-predicador-por-hablar-de-dios-en-parque-dominicano","status":"publish","type":"post","link":"https:\/\/www.biblia.work\/noticias\/arrestan-a-predicador-por-hablar-de-dios-en-parque-dominicano\/","title":{"rendered":"Arrestan a predicador por hablar de Dios en parque dominicano"},"content":{"rendered":"<p style=\"text-align: justify\">SANTIAGO, REP\u00daBLICA DOMINICANA. &#8211; \u00a0La Federaci\u00f3n de Pastores del Cibao conden\u00f3 el atropello, que seg\u00fan denuncian, cometieron varios agentes de la Polic\u00eda Municipal de esta ciudad contra un predicador evang\u00e9lico que fue apresado y retirado a la fuerza de una plaza p\u00fablica de aqu\u00ed mientras se encontraba predicando con un meg\u00e1fono, un hecho ocurrido el pasado fin de semana.<\/p>\n<p style=\"text-align: justify\">As\u00ed lo hizo saber este lunes (20)el reverendo Osvaldo Torres, presidente de dicha entidad, quien denunci\u00f3 que desde el Ayuntamiento de Santiago est\u00e1n violando la libertad de culto con el apresamiento \u201cilegal\u201d de \u00c9dison N\u00fa\u00f1ez.<\/p>\n<p style=\"text-align: justify\">\u201cNos sentimos indignados y estamos molestos por la forma como se trat\u00f3 a este joven, que seg\u00fan se puede escuchar en el video, les dijo con mucha decencia d\u00e9jenme terminar el mensaje&#8230; y se le trat\u00f3 como si fuera un delincuente\u201d, se\u00f1al\u00f3 el religioso.<\/p>\n<p style=\"text-align: justify\">Torres pidi\u00f3 respeto para esa comunidad, as\u00ed como para otras que predican la palabra de Dios. El pastor puso la Federaci\u00f3n que dirige a la disposici\u00f3n del Alcalde, Abel Mart\u00ednez, para trabajar en la organizaci\u00f3n de la ciudad, \u201cpero con orden, no se organiza una sociedad con desorden\u201d.<\/p>\n<p style=\"text-align: justify\">Le record\u00f3 al ejecutivo municipal que \u00e9l, as\u00ed como otros candidatos a cargos electivos en el pasado proceso electoral utilizaron las llamadas disco lights para promover sus propuestas \u201csin ning\u00fan respecto\u201d.<\/p>\n<p style=\"text-align: justify\">El apresamiento de \u00c9dison N\u00fa\u00f1ez fue catado en video por un ciudadano que se encontraba en un lugar y colgado en las redes sociales. En las im\u00e1genes se ve a los agentes tomar por los brazos al hombre y posteriormente montarlo en un veh\u00edculo de la Polic\u00eda Municipal.<\/p>\n<p style=\"text-align: justify\">Esta acci\u00f3n que encabezaron los Polic\u00edas Municipales ha encontrado tambi\u00e9n el rechazo en otros sectores de la sociedad.<\/p>\n<p style=\"text-align: justify\"><strong>Ayuntamiento alega falta de permiso <\/strong><\/p>\n<p style=\"text-align: justify\">En una nota de prensa enviada a los medios de comunicaci\u00f3n, el Ayuntamiento justific\u00f3 la acci\u00f3n alegando que el predicador no contaba con el permiso correspondiente para realizar dicha actividad.<\/p>\n<p style=\"text-align: justify\">En la misma refieren que los polic\u00edas municipales se presentaron al parque Duarte a requerimiento de feligreses de la iglesia cat\u00f3lica y visitantes de dicho espacio, que durante mucho tiempo han visto afectada la paz y el sosiego, por el uso permanente de un meg\u00e1fono y bocinas por parte del predicador.\n<\/p>\n<p style=\"text-align: justify\">La entrada <a rel=\"nofollow\" href=\"http:\/\/www.noticiacristiana.com\/sociedad\/persecuciones\/2017\/03\/arrestan-predicador-dios-domicana.html\">Arrestan a predicador por hablar de Dios en parque dominicano<\/a> aparece primero en <a rel=\"nofollow\" href=\"http:\/\/www.noticiacristiana.com\">NoticiaCristiana.com<\/a>.<\/p>\n","protected":false},"excerpt":{"rendered":"<p>SANTIAGO, REP\u00daBLICA DOMINICANA. &#8211; \u00a0La Federaci\u00f3n de Pastores del Cibao conden\u00f3 el atropello, que seg\u00fan denuncian, cometieron varios agentes de la Polic\u00eda Municipal de esta ciudad contra un predicador evang\u00e9lico que fue apresado y retirado a la fuerza de una plaza p\u00fablica de aqu\u00ed mientras se encontraba predicando con un meg\u00e1fono, un hecho ocurrido el &hellip; <a href=\"https:\/\/www.biblia.work\/noticias\/arrestan-a-predicador-por-hablar-de-dios-en-parque-dominicano\/\" class=\"more-link\">Continuar leyendo<span class=\"screen-reader-text\"> \u00abArrestan a predicador por hablar de Dios en parque dominicano\u00bb<\/span><\/a><\/p>\n","protected":false},"author":1,"featured_media":0,"comment_status":"open","ping_status":"closed","sticky":false,"template":"","format":"standard","meta":{"footnotes":""},"categories":[1],"tags":[],"class_list":["post-13009","post","type-post","status-publish","format-standard","hentry","category-general"],"_links":{"self":[{"href":"https:\/\/www.biblia.work\/noticias\/wp-json\/wp\/v2\/posts\/13009","targetHints":{"allow":["GET"]}}],"collection":[{"href":"https:\/\/www.biblia.work\/noticias\/wp-json\/wp\/v2\/posts"}],"about":[{"href":"https:\/\/www.biblia.work\/noticias\/wp-json\/wp\/v2\/types\/post"}],"author":[{"embeddable":true,"href":"https:\/\/www.biblia.work\/noticias\/wp-json\/wp\/v2\/users\/1"}],"replies":[{"embeddable":true,"href":"https:\/\/www.biblia.work\/noticias\/wp-json\/wp\/v2\/comments?post=13009"}],"version-history":[{"count":0,"href":"https:\/\/www.biblia.work\/noticias\/wp-json\/wp\/v2\/posts\/13009\/revisions"}],"wp:attachment":[{"href":"https:\/\/www.biblia.work\/noticias\/wp-json\/wp\/v2\/media?parent=13009"}],"wp:term":[{"taxonomy":"category","embeddable":true,"href":"https:\/\/www.biblia.work\/noticias\/wp-json\/wp\/v2\/categories?post=13009"},{"taxonomy":"post_tag","embeddable":true,"href":"https:\/\/www.biblia.work\/noticias\/wp-json\/wp\/v2\/tags?post=13009"}],"curies":[{"name":"wp","href":"https:\/\/api.w.org\/{rel}","templated":true}]}}