{"id":13015,"date":"2017-03-23T13:10:02","date_gmt":"2017-03-23T18:10:02","guid":{"rendered":"http:\/\/www.biblia.work\/noticias\/viral-video-del-pastor-que-muere-predicando-estoy-terminando-mi-carrera\/"},"modified":"2017-03-23T13:10:02","modified_gmt":"2017-03-23T18:10:02","slug":"viral-video-del-pastor-que-muere-predicando-estoy-terminando-mi-carrera","status":"publish","type":"post","link":"https:\/\/www.biblia.work\/noticias\/viral-video-del-pastor-que-muere-predicando-estoy-terminando-mi-carrera\/","title":{"rendered":"Viral video del pastor que muere predicando: \u201cEstoy terminando mi carrera\u201d"},"content":{"rendered":"<p style=\"text-align: justify\">SAO PAULO, BRASIL. &#8211; &#8220;Estoy terminando mi carrera&#8221;, dice, un pastor evang\u00e9lico que muri\u00f3 mientras predicaba durante un servicio en la ciudad de Avare, Sao Paulo.<\/p>\n<p style=\"text-align: justify\">El video de los \u00faltimos momentos de la vida de un pastor se ha vuelto viral, y se muestra al siervo de Dios hablando de los hijos en la fe al cual se uni\u00f3 a lo largo de su ministerio, citando como ejemplo la relaci\u00f3n entre el ap\u00f3stol Pablo y su hijo espiritual Timoteo.<\/p>\n<p style=\"text-align: justify\">&#8220;He acabado la carrera, he guardado mi fe, \u00a1y ahora estoy a la espera de una cosa, que solo el juez me venga a dar! Esa cosa se llama corona. No s\u00f3lo para m\u00ed, sino para todos los que esperan su venida gloriosa&#8221;, dijo el pastor identificado en algunos portales regionales con el nombre de Jo\u00e3o Pires.<\/p>\n<p style=\"text-align: justify\">&#8220;Pablo ten\u00eda una gran estima por Timoteo, que ten\u00eda aproximadamente 20 a\u00f1os cuando se convirti\u00f3 en un ni\u00f1o en la fe del ap\u00f3stol Pablo. Esa estima es que yo tengo por todos ustedes esta noche [&#8230;] As\u00ed que mis queridos, es la raz\u00f3n por la que estamos muy contentos&#8221;, a\u00f1adi\u00f3 el pastor Pires.<\/p>\n<p style=\"text-align: justify\">Poco antes de terminar su serm\u00f3n, elogi\u00f3 a los hijos de una pareja de miembros de la iglesia, recordando el pasaje b\u00edblico en el que Dios orden\u00f3 a Mois\u00e9s que lanzase su bast\u00f3n para que se convirtiera en una serpiente, y poco antes de su \u00faltimo aliento, dice: &#8220;Aleluya, gloria a Dios&#8221;.<\/p>\n<p style=\"text-align: justify\">Las personas que participaban corrieron a ayudar al pastor cuando este cay\u00f3 al suelo, causando expresiones de susto y lamento en todos los presentes, antes de que fueran cortado el video. La muerte de Jo\u00e3o Pires no tiene fecha exacta, pero los videos m\u00e1s viejos en internet, apuntan a agosto de 2016.\n<\/p>\n<p style=\"text-align: justify\">La entrada <a rel=\"nofollow\" href=\"http:\/\/www.noticiacristiana.com\/iglesia\/pastor\/2017\/03\/viral-video-pastor-muere-predicando.html\">Viral video del pastor que muere predicando: &#8220;Estoy terminando mi carrera&#8221;<\/a> aparece primero en <a rel=\"nofollow\" href=\"http:\/\/www.noticiacristiana.com\">NoticiaCristiana.com<\/a>.<\/p>\n","protected":false},"excerpt":{"rendered":"<p>SAO PAULO, BRASIL. &#8211; &#8220;Estoy terminando mi carrera&#8221;, dice, un pastor evang\u00e9lico que muri\u00f3 mientras predicaba durante un servicio en la ciudad de Avare, Sao Paulo. El video de los \u00faltimos momentos de la vida de un pastor se ha vuelto viral, y se muestra al siervo de Dios hablando de los hijos en la &hellip; <a href=\"https:\/\/www.biblia.work\/noticias\/viral-video-del-pastor-que-muere-predicando-estoy-terminando-mi-carrera\/\" class=\"more-link\">Continuar leyendo<span class=\"screen-reader-text\"> \u00abViral video del pastor que muere predicando: \u201cEstoy terminando mi carrera\u201d\u00bb<\/span><\/a><\/p>\n","protected":false},"author":1,"featured_media":0,"comment_status":"open","ping_status":"closed","sticky":false,"template":"","format":"standard","meta":{"footnotes":""},"categories":[1],"tags":[],"class_list":["post-13015","post","type-post","status-publish","format-standard","hentry","category-general"],"_links":{"self":[{"href":"https:\/\/www.biblia.work\/noticias\/wp-json\/wp\/v2\/posts\/13015","targetHints":{"allow":["GET"]}}],"collection":[{"href":"https:\/\/www.biblia.work\/noticias\/wp-json\/wp\/v2\/posts"}],"about":[{"href":"https:\/\/www.biblia.work\/noticias\/wp-json\/wp\/v2\/types\/post"}],"author":[{"embeddable":true,"href":"https:\/\/www.biblia.work\/noticias\/wp-json\/wp\/v2\/users\/1"}],"replies":[{"embeddable":true,"href":"https:\/\/www.biblia.work\/noticias\/wp-json\/wp\/v2\/comments?post=13015"}],"version-history":[{"count":0,"href":"https:\/\/www.biblia.work\/noticias\/wp-json\/wp\/v2\/posts\/13015\/revisions"}],"wp:attachment":[{"href":"https:\/\/www.biblia.work\/noticias\/wp-json\/wp\/v2\/media?parent=13015"}],"wp:term":[{"taxonomy":"category","embeddable":true,"href":"https:\/\/www.biblia.work\/noticias\/wp-json\/wp\/v2\/categories?post=13015"},{"taxonomy":"post_tag","embeddable":true,"href":"https:\/\/www.biblia.work\/noticias\/wp-json\/wp\/v2\/tags?post=13015"}],"curies":[{"name":"wp","href":"https:\/\/api.w.org\/{rel}","templated":true}]}}