{"id":13018,"date":"2017-03-23T14:15:02","date_gmt":"2017-03-23T19:15:02","guid":{"rendered":"http:\/\/www.biblia.work\/noticias\/el-papa-en-santa-marta-cuando-seguimos-a-los-idolos-del-mundo-nos-volvemos-catolicos-ateos\/"},"modified":"2017-03-23T14:15:02","modified_gmt":"2017-03-23T19:15:02","slug":"el-papa-en-santa-marta-cuando-seguimos-a-los-idolos-del-mundo-nos-volvemos-catolicos-ateos","status":"publish","type":"post","link":"https:\/\/www.biblia.work\/noticias\/el-papa-en-santa-marta-cuando-seguimos-a-los-idolos-del-mundo-nos-volvemos-catolicos-ateos\/","title":{"rendered":"El Papa en Santa Marta: cuando seguimos a los \u00eddolos del mundo nos volvemos \u201ccat\u00f3licos ateos\u201d"},"content":{"rendered":"<p style=\"text-align: justify\">(ZENIT \u2013 Ciudad del Vaticano).- Cuando nos alejamos de Dios nos volvemos sordos a su Palabra y llegamos a ser cat\u00f3licos infieles e incluso \u201ccat\u00f3licos ateos\u201d, porque si no escuchamos su palabra corremos en riesgo de que el coraz\u00f3n se endurezca.<\/p>\n<p style=\"text-align: justify\">Fue esta la idea central de la homil\u00eda del papa Francisco en la misa que ha celebrado este jueves en la capilla de la residencia Santa Marta, inspir\u00e1ndose en un pasaje tomado del Libro del Profeta Jerem\u00edas.<\/p>\n<p style=\"text-align: justify\">Y si no se escucha la voz del Se\u00f1or, se escuchan otras voces\u201d, dijo, y al final \u201cnos volvemos sordos a la Palabra de Dios\u201d. A\u00f1adi\u00f3 que \u201csi hoy nos detenemos un poco y miramos dentro de nuestro coraz\u00f3n todos nosotros veremos cu\u00e1ntas veces nos hemos vuelto sordos&#8221;.<\/p>\n<p style=\"text-align: justify\">&#8220;Y cuando un pueblo, una comunidad, digamos tambi\u00e9n una comunidad cristiana, una parroquia, una di\u00f3cesis, cierra los o\u00eddos y se vuelve sorda a la Palabra del Se\u00f1or, busca otras voces, otros se\u00f1ores, y termina con los \u00eddolos, los \u00eddolos que el mundo, la mundanidad, la sociedad, le ofrecen. Se aleja del Dios vivo\u201d.\u00a0Se pasa a vivir entonces \u201cen aquel mundo, en aquel clima que no hace bien y aleja cada d\u00eda m\u00e1s de Dios\u201d.<\/p>\n<p style=\"text-align: justify\">Reiter\u00f3 que las dos cosas que hacen perder la fidelidad son: no escuchar la palabra de Dios y el coraz\u00f3n endurecido.<\/p>\n<p style=\"text-align: justify\">&#8220;Una infidelidad que se colma con la confusi\u00f3n. No se sabe d\u00f3nde est\u00e1 Dios, d\u00f3nde no est\u00e1, se confunde a Dios con el diablo\u201d, y al final &#8220;se acaba diciendo blasfemias&#8221;.<\/p>\n<p style=\"text-align: justify\">\u201cCada uno de nosotros hoy puede interrogarse: \u2018\u00bfMe detengo a escuchar la Palabra de Dios? \u00bfTomo la Biblia en la mano, \u00a0que me est\u00e1 hablando? \u00bfMi coraz\u00f3n se ha endurecido? \u00bfMe he alejado del Se\u00f1or? \u00bfHe perdido la fidelidad al Se\u00f1or y vivo con los \u00eddolos que me ofrece la mundanidad de cada d\u00eda? \u00bfHe perdido la alegr\u00eda del estupor del primer encuentro con Jes\u00fas?\u2019.<\/p>\n<p style=\"text-align: justify\">\u201cHoy es &#8211;concluy\u00f3 el sucesor de Pedro&#8211; una jornada para escuchar. \u2018Escuchar, hoy, la voz del Se\u00f1or&#8217;, hemos rezado. \u2018No endurezcan su coraz\u00f3n\u2019. Pidamos esta gracia: la gracia de escuchar para que nuestro coraz\u00f3n no se endurezca\u201d.<\/p>\n<p><span class=\"et_bloom_bottom_trigger\"><\/span><\/p>\n<p><a href=\"https:\/\/es.zenit.org\/\" target=\"_blank\" rel=\"nofollow\">Fuente: es.zenit.org<\/a><\/p>\n","protected":false},"excerpt":{"rendered":"<p>(ZENIT \u2013 Ciudad del Vaticano).- Cuando nos alejamos de Dios nos volvemos sordos a su Palabra y llegamos a ser cat\u00f3licos infieles e incluso \u201ccat\u00f3licos ateos\u201d, porque si no escuchamos su palabra corremos en riesgo de que el coraz\u00f3n se endurezca. Fue esta la idea central de la homil\u00eda del papa Francisco en la misa &hellip; <a href=\"https:\/\/www.biblia.work\/noticias\/el-papa-en-santa-marta-cuando-seguimos-a-los-idolos-del-mundo-nos-volvemos-catolicos-ateos\/\" class=\"more-link\">Continuar leyendo<span class=\"screen-reader-text\"> \u00abEl Papa en Santa Marta: cuando seguimos a los \u00eddolos del mundo nos volvemos \u201ccat\u00f3licos ateos\u201d\u00bb<\/span><\/a><\/p>\n","protected":false},"author":1,"featured_media":0,"comment_status":"open","ping_status":"closed","sticky":false,"template":"","format":"standard","meta":{"footnotes":""},"categories":[1],"tags":[],"class_list":["post-13018","post","type-post","status-publish","format-standard","hentry","category-general"],"_links":{"self":[{"href":"https:\/\/www.biblia.work\/noticias\/wp-json\/wp\/v2\/posts\/13018","targetHints":{"allow":["GET"]}}],"collection":[{"href":"https:\/\/www.biblia.work\/noticias\/wp-json\/wp\/v2\/posts"}],"about":[{"href":"https:\/\/www.biblia.work\/noticias\/wp-json\/wp\/v2\/types\/post"}],"author":[{"embeddable":true,"href":"https:\/\/www.biblia.work\/noticias\/wp-json\/wp\/v2\/users\/1"}],"replies":[{"embeddable":true,"href":"https:\/\/www.biblia.work\/noticias\/wp-json\/wp\/v2\/comments?post=13018"}],"version-history":[{"count":0,"href":"https:\/\/www.biblia.work\/noticias\/wp-json\/wp\/v2\/posts\/13018\/revisions"}],"wp:attachment":[{"href":"https:\/\/www.biblia.work\/noticias\/wp-json\/wp\/v2\/media?parent=13018"}],"wp:term":[{"taxonomy":"category","embeddable":true,"href":"https:\/\/www.biblia.work\/noticias\/wp-json\/wp\/v2\/categories?post=13018"},{"taxonomy":"post_tag","embeddable":true,"href":"https:\/\/www.biblia.work\/noticias\/wp-json\/wp\/v2\/tags?post=13018"}],"curies":[{"name":"wp","href":"https:\/\/api.w.org\/{rel}","templated":true}]}}