{"id":13019,"date":"2017-03-23T14:15:02","date_gmt":"2017-03-23T19:15:02","guid":{"rendered":"http:\/\/www.biblia.work\/noticias\/beato-diego-jose-de-cadiz-24-de-marzo-2\/"},"modified":"2017-03-23T14:15:02","modified_gmt":"2017-03-23T19:15:02","slug":"beato-diego-jose-de-cadiz-24-de-marzo-2","status":"publish","type":"post","link":"https:\/\/www.biblia.work\/noticias\/beato-diego-jose-de-cadiz-24-de-marzo-2\/","title":{"rendered":"Beato Diego Jos\u00e9 de Cadiz \u2013\u00a024 de marzo"},"content":{"rendered":"<p style=\"text-align: justify\">(ZENIT \u00a0&#8211; Madrid).- Jos\u00e9 Francisco L\u00f3pez-Caama\u00f1o y Garc\u00eda P\u00e9rez naci\u00f3 en C\u00e1diz, Espa\u00f1a, el 30 de marzo de 1743. Pertenec\u00eda a una ilustre familia. Su madre muri\u00f3 cuando \u00e9l ten\u00eda 9 a\u00f1os y se estableci\u00f3 con su padre en la localidad gaditana de Grazalema. Curs\u00f3 estudios con los dominicos de Ronda, M\u00e1laga. Pero a los 15 a\u00f1os eligi\u00f3 a los capuchinos de Sevilla, venciendo su rechazo a la vida religiosa, y a esta Orden en particular, para tomar el h\u00e1bito y nombre con el que iba a ser encumbrado a los altares. Dejando atr\u00e1s la cierta aversi\u00f3n inicial al compromiso que estableci\u00f3, a\u00f1os m\u00e1s tarde, al referirse retrospectivamente a su vocaci\u00f3n se aprecia cu\u00e1nto hab\u00eda cambiado. Puede que ni recordase el peso de sus emociones de adolescente cuando escribi\u00f3: \u00abTodo mi af\u00e1n era ser capuchino, para ser misionero y santo\u00bb.<\/p>\n<p style=\"text-align: justify\">En 1766 fue ordenado sacerdote. Le acompa\u00f1aba \u00fanico anhelo: alcanzar la santidad. Quer\u00eda ser un gran ap\u00f3stol sin excluir el martirio. Y dej\u00f3 constancia de ello: \u00ab\u00a1Qu\u00e9 ansias de ser santo, para con la oraci\u00f3n aplacar a Dios y sostener a la Iglesia santa! \u00a1Qu\u00e9 deseo de salir al p\u00fablico, para, a cara descubierta, hacer frente a los libertinos!&#8230; \u00a1Qu\u00e9 ardor para derramar mi sangre en defensa de lo que hasta ahora hemos cre\u00eddo!\u00bb. Pero el camino de la santidad generalmente Dios no se lo pone f\u00e1cil a sus hijos. Durante unos a\u00f1os las oscilaciones en su vida espiritual fueron habituales, hasta que sufri\u00f3 una radical transformaci\u00f3n con la gracia de Cristo. Ello no le libr\u00f3 de experiencias que suelen presentarse en el itinerario que conduce a la uni\u00f3n con la Sant\u00edsima Trinidad. Pas\u00f3 por contradicciones y oscuridades. Fueron frecuentes sus luchas contra las tentaciones de la carne y tuvo que combatir brotes de apat\u00eda en el cumplimiento de su misi\u00f3n, entre otras muchas debilidades que afront\u00f3 y super\u00f3. Nadie, solo Dios, sab\u00eda de las pugnas interiores de este gran ap\u00f3stol, cuya entra\u00f1abilidad y peculiar sentido del humor era especialmente apreciado en las distancias cortas.<\/p>\n<p style=\"text-align: justify\">Desde 1771 y durante tre\u00ednta a\u00f1os su actividad en misiones populares se extendi\u00f3 por casi toda la geograf\u00eda espa\u00f1ola. Sus grandes dotes de oratoria y elocuencia pasadas por la oraci\u00f3n obraban prodigios en las gentes a trav\u00e9s una predicaci\u00f3n de la que se ha subrayado, adem\u00e1s de su rigor, la sencillez y dignidad. Su contribuci\u00f3n fue inestimable en un per\u00edodo marcado por el regalismo y el jansenismo que estaban en su apogeo. Como tantas veces sucede al juzgar a mentes preclaras, y m\u00e1s con la hondura de vida del beato, las valoraciones no son siempre benevolentes. Cuando \u00fanicamente se examinan sus pasos desde un punto de vista racional, apelando a un an\u00e1lisis hist\u00f3rico frecuentemente cargado de prejuicios, como algunos cr\u00edticos han hecho, queda en la penumbra lo esencial: su grandeza espiritual y excepcionales cualidades puestas al servicio de la fe y de la Iglesia en momentos de indudable dificultad.<\/p>\n<p style=\"text-align: justify\">Tratando de la oratoria religiosa, el gran Men\u00e9ndez y Pelayo lo situ\u00f3 detr\u00e1s de san Vicente Ferrer y de san Juan de \u00c1vila. Y es que Diego Jos\u00e9 promov\u00eda una profunda renovaci\u00f3n espiritual en su auditorio. Lleg\u00f3 a predicar en la corte. Sus palabras tuvieron gran influjo no solo en el \u00e1mbito religioso sino tambi\u00e9n en el p\u00fablico. Junto con la instrucci\u00f3n doctrinal que proporcionaba, impart\u00eda conferencias a hombres, mujeres y ni\u00f1os de toda condici\u00f3n social. Les alentaba con la celebraci\u00f3n de la penitencia y el rezo p\u00fablico del santo rosario. Suscitaba emociones por igual en cl\u00e9rigos, plebeyos e intelectuales. Su fama le preced\u00eda y la muchedumbre que se citaba para o\u00edrle no cab\u00eda en las grandes catedrales. A veces durante varias horas ten\u00eda que hablar al aire libre a un auditorio conformado por cuarenta mil y hasta sesenta mil personas, que le consideraban un \u00abenviado de Dios\u00bb.<\/p>\n<p style=\"text-align: justify\">Ese imponente despliegue de multitudes que acud\u00edan a \u00e9l enfervorecidas pone de manifiesto que los integrantes de la vida santa han sido los verdaderos art\u00edfices de las redes sociales. Un entramado de seguidores con alta sensibilidad \u2013que muchos hoy d\u00eda querr\u00edan para s\u00ed\u2013, supieron identificar la grandeza de Dios y su belleza inigualable plasmada en las palabras de este insigne ap\u00f3stol. Fueron tres d\u00e9cadas de intensa dedicaci\u00f3n llevando con singular celo la fe m\u00e1s all\u00e1 de los confines de Andaluc\u00eda en los que era bien conocido. Aranjuez, Madrid, poblaciones de Toledo y de Ciudad Real, Arag\u00f3n, Levante, Extremadura, Galicia, Asturias, Le\u00f3n, Salamanca, incluso Portugal y otras, fueron recorridas a pie por este incansable peregrino que impregn\u00f3 con la fuerza de su voz, avalada por una virtuos\u00edsima vida, el coraz\u00f3n de las gentes. Una gran mayor\u00eda en su \u00e9poca lo consider\u00f3 un \u00abnuevo san Pablo\u00bb. Penitencia y oraci\u00f3n continua fueron sus armas apost\u00f3licas, mientras su cuerpo se estremec\u00eda bajo un r\u00fastico cilicio. Si hubiera contado con los medios y t\u00e9cnicas que existen en la actualidad sus conquistas para Cristo superar\u00edan lo imaginable.<\/p>\n<p style=\"text-align: justify\">Era un gran devoto de Mar\u00eda bajo la advocaci\u00f3n de la Divina Aurora, de la que fue encendido defensor. Fue agraciado con carismas extraordinarios como el don de profec\u00eda y numerosos milagros que efectuaba con su proverbial sentido del humor y el gracejo andaluz que pose\u00eda. Su correspondencia epistolar, sermones, obras asc\u00e9ticas y devocionales son incontables. Se le ha conocido como el \u00abap\u00f3stol de la misericordia\u00bb. Muri\u00f3 en en la localidad malague\u00f1a de Ronda el 24 de marzo de 1801 cuando se hallaba en un proceso ante la Inquisici\u00f3n donde fue llevado por quienes no supieron identificar en \u00e9l al santo que fue. Le cubrieron con penosos signos de ingratitud que desembocaron en una injusta y humillante persecuci\u00f3n. Por encima de los ciegos juicios humanos, Dios ya le hab\u00eda reservado la gloria eterna. Fue beatificado por Le\u00f3n XIII el 22 de abril de 1894.<\/p>\n<p><span class=\"et_bloom_bottom_trigger\"><\/span><\/p>\n<p><a href=\"https:\/\/es.zenit.org\/\" target=\"_blank\" rel=\"nofollow\">Fuente: es.zenit.org<\/a><\/p>\n","protected":false},"excerpt":{"rendered":"<p>(ZENIT \u00a0&#8211; Madrid).- Jos\u00e9 Francisco L\u00f3pez-Caama\u00f1o y Garc\u00eda P\u00e9rez naci\u00f3 en C\u00e1diz, Espa\u00f1a, el 30 de marzo de 1743. Pertenec\u00eda a una ilustre familia. Su madre muri\u00f3 cuando \u00e9l ten\u00eda 9 a\u00f1os y se estableci\u00f3 con su padre en la localidad gaditana de Grazalema. Curs\u00f3 estudios con los dominicos de Ronda, M\u00e1laga. Pero a los &hellip; <a href=\"https:\/\/www.biblia.work\/noticias\/beato-diego-jose-de-cadiz-24-de-marzo-2\/\" class=\"more-link\">Continuar leyendo<span class=\"screen-reader-text\"> \u00abBeato Diego Jos\u00e9 de Cadiz \u2013\u00a024 de marzo\u00bb<\/span><\/a><\/p>\n","protected":false},"author":1,"featured_media":0,"comment_status":"open","ping_status":"closed","sticky":false,"template":"","format":"standard","meta":{"footnotes":""},"categories":[1],"tags":[],"class_list":["post-13019","post","type-post","status-publish","format-standard","hentry","category-general"],"_links":{"self":[{"href":"https:\/\/www.biblia.work\/noticias\/wp-json\/wp\/v2\/posts\/13019","targetHints":{"allow":["GET"]}}],"collection":[{"href":"https:\/\/www.biblia.work\/noticias\/wp-json\/wp\/v2\/posts"}],"about":[{"href":"https:\/\/www.biblia.work\/noticias\/wp-json\/wp\/v2\/types\/post"}],"author":[{"embeddable":true,"href":"https:\/\/www.biblia.work\/noticias\/wp-json\/wp\/v2\/users\/1"}],"replies":[{"embeddable":true,"href":"https:\/\/www.biblia.work\/noticias\/wp-json\/wp\/v2\/comments?post=13019"}],"version-history":[{"count":0,"href":"https:\/\/www.biblia.work\/noticias\/wp-json\/wp\/v2\/posts\/13019\/revisions"}],"wp:attachment":[{"href":"https:\/\/www.biblia.work\/noticias\/wp-json\/wp\/v2\/media?parent=13019"}],"wp:term":[{"taxonomy":"category","embeddable":true,"href":"https:\/\/www.biblia.work\/noticias\/wp-json\/wp\/v2\/categories?post=13019"},{"taxonomy":"post_tag","embeddable":true,"href":"https:\/\/www.biblia.work\/noticias\/wp-json\/wp\/v2\/tags?post=13019"}],"curies":[{"name":"wp","href":"https:\/\/api.w.org\/{rel}","templated":true}]}}