{"id":13020,"date":"2017-03-23T15:15:02","date_gmt":"2017-03-23T20:15:02","guid":{"rendered":"http:\/\/www.biblia.work\/noticias\/70o-aniversario-del-centro-catolico-de-cooperacion-con-la-lunesco-mensaje-del-papa-francisco\/"},"modified":"2017-03-23T15:15:02","modified_gmt":"2017-03-23T20:15:02","slug":"70o-aniversario-del-centro-catolico-de-cooperacion-con-la-lunesco-mensaje-del-papa-francisco","status":"publish","type":"post","link":"https:\/\/www.biblia.work\/noticias\/70o-aniversario-del-centro-catolico-de-cooperacion-con-la-lunesco-mensaje-del-papa-francisco\/","title":{"rendered":"70\u00ba aniversario del Centro cat\u00f3lico de cooperaci\u00f3n con la l\u2019UNESCO: mensaje del papa Francisco"},"content":{"rendered":"<p style=\"text-align: justify\">(ZENIT &#8211; Roma, 23 Mar. 2017).- El papa Francisco ha animado a rechazar el miedo, la violencia, el cierre y a elegir la &#8220;hermandad&#8221; en un mensaje por el 70 aniversario del Centro Internacional Cat\u00f3lica para la Cooperaci\u00f3n con la UNESCO (CCIC), fundada en 1947.<\/p>\n<p style=\"text-align: justify\">El ICAC ha organizado en esta ocasi\u00f3n un foro internacional con el t\u00edtulo: &#8220;\u00bfQu\u00e9 mundo queremos construir juntos?&#8221; que se realiz\u00f3 en la Casa de la UNESCO en Par\u00eds (Francia), este jueves, 23 de de marzo de 2017, en cooperaci\u00f3n con la Misi\u00f3n Permanente de la Santa Sede ante la UNESCO y con el patrocinio de la UNESCO y la Comisi\u00f3n nacional francesa para la UNESCO.<\/p>\n<p style=\"text-align: justify\">All\u00ed monse\u00f1or Francesco Follo, Observador Permanente de la Santa Sede ante la UNESCO, ley\u00f3 el mensaje del papa Francisco.<\/p>\n<p style=\"text-align: justify\">En el mensaje enviado por el cardenal secretario de Estado, Pietro Parolin a Christine Roche, presidente del ICAC, el papa Francisco felicita y agradece al ICAC que ha ofrecido durante 70 a\u00f1os, en fidelidad a la gran tradici\u00f3n cristiana, una gran contribuci\u00f3n a la labor de la UNESCO en defensa de la dignidad humana, la paz en el mundo, y para estimular la renovaci\u00f3n de la humanidad\u201d.<\/p>\n<p style=\"text-align: justify\">&#8220;El tema elegido para este Foro se uni\u00f3 a una de las preocupaciones del Papa. Como escribe en su Mensaje para la Jornada Mundial de la paz el 1\u00ba de enero de 2017, &#8220;una \u00e9tica de la fraternidad y la convivencia pac\u00edfica entre las personas y entre los pueblos no puede basarse en la l\u00f3gica del miedo, la violencia y el cierre, pero en la responsabilidad, el respeto y el di\u00e1logo sincero &#8220;(n.5). &#8221;<\/p>\n<p style=\"text-align: justify\">Francisco anima a una iniciativa que contribuye a la construcci\u00f3n de una &#8220;civilizaci\u00f3n del amor&#8221;: &#8220;El Papa, por tanto, da la bienvenida a la organizaci\u00f3n de este foro, que tiene como objetivo promover una reflexi\u00f3n sobre los valores universales de la libertad , la justicia y la paz.<\/p>\n<p style=\"text-align: justify\">\u201cConfiando vuestra reflexi\u00f3n al Se\u00f1or, que ha venido para juntar a la humanidad en una sola familia, el Papa hace un llamamiento a usted ya todos los participantes en este foro la bendici\u00f3n del Se\u00f1or&#8221;, dice el mensaje firmado por el cardenal Parolin .<\/p>\n<p style=\"text-align: justify\">El cardenal Oscar Andr\u00e9s Rodriguez Maradiaga, arzobispo de Tegucigalpa (Honduras) ha citado repetidamente la enc\u00edclica Populorum progressio, de Pablo VI, que sigue siendo siempre actual. Y centr\u00f3 su discurso la alfabetizaci\u00f3n y la educaci\u00f3n.<\/p>\n<p><span class=\"et_bloom_bottom_trigger\"><\/span><\/p>\n<p><a href=\"https:\/\/es.zenit.org\/\" target=\"_blank\" rel=\"nofollow\">Fuente: es.zenit.org<\/a><\/p>\n","protected":false},"excerpt":{"rendered":"<p>(ZENIT &#8211; Roma, 23 Mar. 2017).- El papa Francisco ha animado a rechazar el miedo, la violencia, el cierre y a elegir la &#8220;hermandad&#8221; en un mensaje por el 70 aniversario del Centro Internacional Cat\u00f3lica para la Cooperaci\u00f3n con la UNESCO (CCIC), fundada en 1947. El ICAC ha organizado en esta ocasi\u00f3n un foro internacional &hellip; <a href=\"https:\/\/www.biblia.work\/noticias\/70o-aniversario-del-centro-catolico-de-cooperacion-con-la-lunesco-mensaje-del-papa-francisco\/\" class=\"more-link\">Continuar leyendo<span class=\"screen-reader-text\"> \u00ab70\u00ba aniversario del Centro cat\u00f3lico de cooperaci\u00f3n con la l\u2019UNESCO: mensaje del papa Francisco\u00bb<\/span><\/a><\/p>\n","protected":false},"author":1,"featured_media":0,"comment_status":"open","ping_status":"closed","sticky":false,"template":"","format":"standard","meta":{"footnotes":""},"categories":[1],"tags":[],"class_list":["post-13020","post","type-post","status-publish","format-standard","hentry","category-general"],"_links":{"self":[{"href":"https:\/\/www.biblia.work\/noticias\/wp-json\/wp\/v2\/posts\/13020","targetHints":{"allow":["GET"]}}],"collection":[{"href":"https:\/\/www.biblia.work\/noticias\/wp-json\/wp\/v2\/posts"}],"about":[{"href":"https:\/\/www.biblia.work\/noticias\/wp-json\/wp\/v2\/types\/post"}],"author":[{"embeddable":true,"href":"https:\/\/www.biblia.work\/noticias\/wp-json\/wp\/v2\/users\/1"}],"replies":[{"embeddable":true,"href":"https:\/\/www.biblia.work\/noticias\/wp-json\/wp\/v2\/comments?post=13020"}],"version-history":[{"count":0,"href":"https:\/\/www.biblia.work\/noticias\/wp-json\/wp\/v2\/posts\/13020\/revisions"}],"wp:attachment":[{"href":"https:\/\/www.biblia.work\/noticias\/wp-json\/wp\/v2\/media?parent=13020"}],"wp:term":[{"taxonomy":"category","embeddable":true,"href":"https:\/\/www.biblia.work\/noticias\/wp-json\/wp\/v2\/categories?post=13020"},{"taxonomy":"post_tag","embeddable":true,"href":"https:\/\/www.biblia.work\/noticias\/wp-json\/wp\/v2\/tags?post=13020"}],"curies":[{"name":"wp","href":"https:\/\/api.w.org\/{rel}","templated":true}]}}