{"id":13025,"date":"2017-03-23T21:05:03","date_gmt":"2017-03-24T02:05:03","guid":{"rendered":"http:\/\/www.biblia.work\/noticias\/renovaran-consagracion-de-ecuador-al-corazon-de-jesus-en-dia-del-nino-por-nacer\/"},"modified":"2017-03-23T21:05:03","modified_gmt":"2017-03-24T02:05:03","slug":"renovaran-consagracion-de-ecuador-al-corazon-de-jesus-en-dia-del-nino-por-nacer","status":"publish","type":"post","link":"https:\/\/www.biblia.work\/noticias\/renovaran-consagracion-de-ecuador-al-corazon-de-jesus-en-dia-del-nino-por-nacer\/","title":{"rendered":"Renovar\u00e1n consagraci\u00f3n de Ecuador al Coraz\u00f3n de Jes\u00fas en D\u00eda del Ni\u00f1o por Nacer"},"content":{"rendered":"<p> GUAYAQUIL, 23 Mar. 17 (ACI).-<br \/>\n\tEl Arzobispo de Guayaquil (Ecuador), Mons. Luis Gerardo Cabrera, encabezar&aacute; las celebraciones y presidir&aacute; la Misa en que se renovar&aacute; la consagraci&oacute;n del pa&iacute;s al Sagrado Coraz&oacute;n de Jes&uacute;s el 25 de marzo, D&iacute;a Internacional del Ni&ntilde;o por Nacer.<\/p>\n<p style=\"text-align: justify\">\n\tEcuador fue el primer pa&iacute;s en el mundo que se consagr&oacute; al Sagrado Coraz&oacute;n de Jes&uacute;s, el 25 de marzo de 1874.<\/p>\n<p style=\"text-align: justify\">\n\tEl mismo d&iacute;a en que se cumplen 143 a&ntilde;os de la consagraci&oacute;n, diversas organizaciones provida de Ecuador se dar&aacute;n cita para promover la dignidad de la vida y la familia.<\/p>\n<p style=\"text-align: justify\">\n\tEntre estas organizaciones figuran La Familia tiene Voz, Casa de la Vida, Fundaci&oacute;n Familia y Futuro, Ecuador Pro Vida, Semillero de la Vida, Proyecto Esperanza y el Consejo Ecuatoriano de Laico Cat&oacute;licos.<\/p>\n<p style=\"text-align: justify\">\n\tDesde las 4:30 p.m., en la Catedral de Guayaquil, se rezar&aacute; el Rosario por la Vida, con la participaci&oacute;n de grupos cat&oacute;licos como Lazos de Amor Mariano, Movimiento de Vida Cristiana, Movimiento Familiar Cristiano, Misi&oacute;n del R&iacute;o y Tierra Santa.<\/p>\n<p style=\"text-align: justify\">\n\tA las 5:00 p.m., Mons. Luis Gerardo Cabrera presidir&aacute; la Santa Misa. Luego de la Eucarist&iacute;a, el Arzobispo de Guayaquil realizar&aacute; la bendici&oacute;n de las mujeres embarazadas y la renovaci&oacute;n de la consagraci&oacute;n al Sagrado Coraz&oacute;n de Jes&uacute;s.<\/p>\n<p style=\"text-align: justify\">\n\tLa Caminata por la Vida, con la imagen del Sagrado Coraz&oacute;n de Jes&uacute;s, comenzar&aacute; a las 6:00 p.m., desde la calle Chimborazo hacia la Plaza San Francisco. Los participantes usar&aacute;n ropa y globos blancos.<\/p>\n<p style=\"text-align: justify\">\n\tMedia hora m&aacute;s tarde se celebrar&aacute; el Festival por la Vida y la Familia en la Plaza San Francisco, con presentaciones musicales y el flashmob &ldquo;Nos mueve la vida&rdquo;, a cargo del grupo Ecuador Pro Vida.<\/p>\n<p style=\"text-align: justify\">\n\tTambi&eacute;n participar&aacute; Proyecto Esperanza, que acoge a madres que sufrieron un aborto.<\/p>\n<p style=\"text-align: justify\">\n\tEn el marco del evento se instalar&aacute; el &ldquo;T&uacute;nel de la vida&rdquo;, una estructura en la que se explica con diapositivas el desarrollo del ni&ntilde;o en el vientre desde la concepci&oacute;n.<\/p>\n<p style=\"text-align: justify\">\n\tTambi&eacute;n te puede interesar:<\/p>\n<p style=\"text-align: justify\">\n\t\tD&iacute;a del Ni&ntilde;o por Nacer: Estas son las celebraciones en algunos pa&iacute;ses de Sudam&eacute;rica https:\/\/t.co\/VIYWcKGtbb<\/p>\n<p>\t&mdash; ACI Prensa (@aciprensa) 21 de marzo de 2017<\/p>\n","protected":false},"excerpt":{"rendered":"<p>GUAYAQUIL, 23 Mar. 17 (ACI).- El Arzobispo de Guayaquil (Ecuador), Mons. Luis Gerardo Cabrera, encabezar&aacute; las celebraciones y presidir&aacute; la Misa en que se renovar&aacute; la consagraci&oacute;n del pa&iacute;s al Sagrado Coraz&oacute;n de Jes&uacute;s el 25 de marzo, D&iacute;a Internacional del Ni&ntilde;o por Nacer. Ecuador fue el primer pa&iacute;s en el mundo que se consagr&oacute; &hellip; <a href=\"https:\/\/www.biblia.work\/noticias\/renovaran-consagracion-de-ecuador-al-corazon-de-jesus-en-dia-del-nino-por-nacer\/\" class=\"more-link\">Continuar leyendo<span class=\"screen-reader-text\"> \u00abRenovar\u00e1n consagraci\u00f3n de Ecuador al Coraz\u00f3n de Jes\u00fas en D\u00eda del Ni\u00f1o por Nacer\u00bb<\/span><\/a><\/p>\n","protected":false},"author":1,"featured_media":0,"comment_status":"open","ping_status":"closed","sticky":false,"template":"","format":"standard","meta":{"footnotes":""},"categories":[1],"tags":[],"class_list":["post-13025","post","type-post","status-publish","format-standard","hentry","category-general"],"_links":{"self":[{"href":"https:\/\/www.biblia.work\/noticias\/wp-json\/wp\/v2\/posts\/13025","targetHints":{"allow":["GET"]}}],"collection":[{"href":"https:\/\/www.biblia.work\/noticias\/wp-json\/wp\/v2\/posts"}],"about":[{"href":"https:\/\/www.biblia.work\/noticias\/wp-json\/wp\/v2\/types\/post"}],"author":[{"embeddable":true,"href":"https:\/\/www.biblia.work\/noticias\/wp-json\/wp\/v2\/users\/1"}],"replies":[{"embeddable":true,"href":"https:\/\/www.biblia.work\/noticias\/wp-json\/wp\/v2\/comments?post=13025"}],"version-history":[{"count":0,"href":"https:\/\/www.biblia.work\/noticias\/wp-json\/wp\/v2\/posts\/13025\/revisions"}],"wp:attachment":[{"href":"https:\/\/www.biblia.work\/noticias\/wp-json\/wp\/v2\/media?parent=13025"}],"wp:term":[{"taxonomy":"category","embeddable":true,"href":"https:\/\/www.biblia.work\/noticias\/wp-json\/wp\/v2\/categories?post=13025"},{"taxonomy":"post_tag","embeddable":true,"href":"https:\/\/www.biblia.work\/noticias\/wp-json\/wp\/v2\/tags?post=13025"}],"curies":[{"name":"wp","href":"https:\/\/api.w.org\/{rel}","templated":true}]}}