{"id":13026,"date":"2017-03-23T22:05:03","date_gmt":"2017-03-24T03:05:03","guid":{"rendered":"http:\/\/www.biblia.work\/noticias\/lider-del-mcl-expone-a-diplomaticos-europeos-en-cuba-situacion-de-eduardo-cardet\/"},"modified":"2017-03-23T22:05:03","modified_gmt":"2017-03-24T03:05:03","slug":"lider-del-mcl-expone-a-diplomaticos-europeos-en-cuba-situacion-de-eduardo-cardet","status":"publish","type":"post","link":"https:\/\/www.biblia.work\/noticias\/lider-del-mcl-expone-a-diplomaticos-europeos-en-cuba-situacion-de-eduardo-cardet\/","title":{"rendered":"L\u00edder del MCL expone a diplom\u00e1ticos europeos en Cuba situaci\u00f3n de Eduardo Cardet"},"content":{"rendered":"<p> LA HABANA, 23 Mar. 17 (ACI).-<br \/>\n\tRosa Mar&iacute;a Rodr&iacute;guez, miembro del Consejo Coordinador del Movimiento Cristiano Liberaci&oacute;n (MCL), se reuni&oacute; este 23 de marzo con la delegaci&oacute;n de la Uni&oacute;n Europea (UE) y diplom&aacute;ticos de las embajadas europeas en Cuba, para exponerles la situaci&oacute;n de Eduardo Cardet luego que fuera condenado a tres a&ntilde;os de c&aacute;rcel por el r&eacute;gimen comunista.<\/p>\n<p style=\"text-align: justify\">\n\tEl movimiento fundado por Oswaldo Pay&aacute; inform&oacute; desde su sitio web que Rosa Mar&iacute;a Rodr&iacute;guez &ldquo;sostuvo una reuni&oacute;n con la delegaci&oacute;n la Uni&oacute;n Europea en Cuba, as&iacute; como con representantes diplom&aacute;ticos de todas las embajadas de la UE en La Habana&rdquo;.<\/p>\n<p style=\"text-align: justify\">\n\tDurante el encuentro, la representante del MCL &ldquo;expuso la situaci&oacute;n de nuestro Coordinador &nbsp;Nacional, Eduardo Cardet, en prisi&oacute;n desde el 30 de noviembre y que ha sido condenado a 3 de c&aacute;rcel en un juicio con pruebas fabricadas por el r&eacute;gimen&rdquo;.<\/p>\n<p style=\"text-align: justify\">\n\tAsimismo, &ldquo;la l&iacute;der del MCL expuso el trabajo que desarrolla el MCL para un cambio pac&iacute;fico en la isla, siguiendo el legado de nuestro fundador y nuestro gu&iacute;a, Oswaldo Pay&aacute;&rdquo;.<\/p>\n<p style=\"text-align: justify\">\n\t&ldquo;En especial se trat&oacute; la propuesta de reforma de la ley electoral &lsquo;Un cubano, un voto&rsquo; que ha presentado el MCL y que ya ha sido entregada a casi 100 diputados a la Asamblea Nacional el Poder Popular&rdquo;, inform&oacute; el movimiento opositor.<\/p>\n<p style=\"text-align: justify\">\n\tEn su sitio web, el MCL tambi&eacute;n inform&oacute; que este jueves Cardet recibi&oacute; la visita de su familia. &ldquo;Se encuentra bien de salud y manifiesta su voluntad de no cejar en sus ideas y convicciones. Por otra parte, la Seguridad del Estado le ha dicho que su esposa tiene prohibido salir de Cuba&rdquo;, se&ntilde;al&oacute;.<\/p>\n<p style=\"text-align: justify\">\n\tAsimismo, el MCL denunci&oacute; que este jueves el oficial de la Seguridad del Estado, Evelio Mojenas, y que particip&oacute; en la detenci&oacute;n de Eduardo Cardet, amenaz&oacute; al activista Yordan Mari&ntilde;o en la puerta de la prisi&oacute;n de Holgu&iacute;n, a donde hab&iacute;a acudido con la esposa de Cardet Concepci&oacute;n, Yaimaris Vecino.<\/p>\n<p style=\"text-align: justify\">\n\t&ldquo;Le amenaz&oacute; con que si contin&uacute;a con su activismo en el MCL trasladar&iacute;an a Cardet a una prisi&oacute;n en el occidente. Y que tambi&eacute;n lo encarcelar&iacute;an a &eacute;l&rdquo;, denunci&oacute; el movimiento disidente.<\/p>\n<p style=\"text-align: justify\">\n\tTambi&eacute;n te puede interesar:<\/p>\n<p style=\"text-align: justify\">\n\t\tGobierno de Cuba condena a Eduardo Cardet a tres a&ntilde;os de c&aacute;rcel https:\/\/t.co\/sNkEPkzVno<\/p>\n<p>\t&mdash; ACI Prensa (@aciprensa) 20 de marzo de 2017<\/p>\n","protected":false},"excerpt":{"rendered":"<p>LA HABANA, 23 Mar. 17 (ACI).- Rosa Mar&iacute;a Rodr&iacute;guez, miembro del Consejo Coordinador del Movimiento Cristiano Liberaci&oacute;n (MCL), se reuni&oacute; este 23 de marzo con la delegaci&oacute;n de la Uni&oacute;n Europea (UE) y diplom&aacute;ticos de las embajadas europeas en Cuba, para exponerles la situaci&oacute;n de Eduardo Cardet luego que fuera condenado a tres a&ntilde;os de &hellip; <a href=\"https:\/\/www.biblia.work\/noticias\/lider-del-mcl-expone-a-diplomaticos-europeos-en-cuba-situacion-de-eduardo-cardet\/\" class=\"more-link\">Continuar leyendo<span class=\"screen-reader-text\"> \u00abL\u00edder del MCL expone a diplom\u00e1ticos europeos en Cuba situaci\u00f3n de Eduardo Cardet\u00bb<\/span><\/a><\/p>\n","protected":false},"author":1,"featured_media":0,"comment_status":"open","ping_status":"closed","sticky":false,"template":"","format":"standard","meta":{"footnotes":""},"categories":[1],"tags":[],"class_list":["post-13026","post","type-post","status-publish","format-standard","hentry","category-general"],"_links":{"self":[{"href":"https:\/\/www.biblia.work\/noticias\/wp-json\/wp\/v2\/posts\/13026","targetHints":{"allow":["GET"]}}],"collection":[{"href":"https:\/\/www.biblia.work\/noticias\/wp-json\/wp\/v2\/posts"}],"about":[{"href":"https:\/\/www.biblia.work\/noticias\/wp-json\/wp\/v2\/types\/post"}],"author":[{"embeddable":true,"href":"https:\/\/www.biblia.work\/noticias\/wp-json\/wp\/v2\/users\/1"}],"replies":[{"embeddable":true,"href":"https:\/\/www.biblia.work\/noticias\/wp-json\/wp\/v2\/comments?post=13026"}],"version-history":[{"count":0,"href":"https:\/\/www.biblia.work\/noticias\/wp-json\/wp\/v2\/posts\/13026\/revisions"}],"wp:attachment":[{"href":"https:\/\/www.biblia.work\/noticias\/wp-json\/wp\/v2\/media?parent=13026"}],"wp:term":[{"taxonomy":"category","embeddable":true,"href":"https:\/\/www.biblia.work\/noticias\/wp-json\/wp\/v2\/categories?post=13026"},{"taxonomy":"post_tag","embeddable":true,"href":"https:\/\/www.biblia.work\/noticias\/wp-json\/wp\/v2\/tags?post=13026"}],"curies":[{"name":"wp","href":"https:\/\/api.w.org\/{rel}","templated":true}]}}