{"id":13027,"date":"2017-03-23T23:05:02","date_gmt":"2017-03-24T04:05:02","guid":{"rendered":"http:\/\/www.biblia.work\/noticias\/papa-francisco-aprueba-canonizacion-de-los-protomartires-de-brasil\/"},"modified":"2017-03-23T23:05:02","modified_gmt":"2017-03-24T04:05:02","slug":"papa-francisco-aprueba-canonizacion-de-los-protomartires-de-brasil","status":"publish","type":"post","link":"https:\/\/www.biblia.work\/noticias\/papa-francisco-aprueba-canonizacion-de-los-protomartires-de-brasil\/","title":{"rendered":"Papa Francisco aprueba canonizaci\u00f3n de los protom\u00e1rtires de Brasil"},"content":{"rendered":"<p> R\u00cdO DE JANEIRO, 23 Mar. 17 (ACI).-<br \/>\n\tEl Papa Francisco aprob&oacute; hoy la canonizaci&oacute;n de los protom&aacute;rtires de Brasil, los sacerdotes Andrea Soveral y Ambrogio Francesco Ferro, el laico Mateus Moreira y otros 27 compa&ntilde;eros m&aacute;rtires.<\/p>\n<p style=\"text-align: justify\">\n\tSeg&uacute;n inform&oacute; la Sala de Prensa de la Santa Sede, el Pont&iacute;fice aprob&oacute; &ldquo;los votos favorables de la Sesi&oacute;n Ordinaria de cardenales y obispos miembros de la Congregaci&oacute;n para las Causas de los Santos&rdquo;.<\/p>\n<p style=\"text-align: justify\">\n\tLos conocidos en Brasil como m&aacute;rtires de Cunha&uacute; y Urua&ccedil;u, fueron asesinados por odio a la fe el 16 de julio de 1645 y el 3 de octubre de 1645.<\/p>\n<p style=\"text-align: justify\">\n\tEn Brasil, el Arzobispo de Natal, Mons. Jaime Vieira Rocha, dio a conocer esta noticia a trav&eacute;s de radio Rural de la arquidi&oacute;cesis.<\/p>\n<p style=\"text-align: justify\">\n\tManifest&oacute; que &ldquo;estamos muy felices por este momento de acci&oacute;n de gracias a Dios&rdquo;.<\/p>\n<p style=\"text-align: justify\">\n\tAdem&aacute;s explic&oacute; que el Papa Francisco convocar&aacute; un consistorio para oficializar la canonizaci&oacute;n de los m&aacute;rtires.<\/p>\n<p style=\"text-align: justify\">\n\t&ldquo;Pero ya podemos estar alegres. Hoy es el d&iacute;a en que la Arquidi&oacute;cesis de Natal, la Iglesia de Brasil y todo el pueblo de Dios, sobre todo los devotos de los m&aacute;rtires de Cunha&uacute; y Urua&ccedil;u, recordar&aacute;n este momento hist&oacute;rico cuando se difundi&oacute; la aprobaci&oacute;n de la canonizaci&oacute;n de los m&aacute;rtires&rdquo;, expres&oacute; Mons. Vieira.<\/p>\n<p style=\"text-align: justify\">\n\tFinaliz&oacute; recordando una frase del himno de los protom&aacute;rtires que dice: &ldquo;M&aacute;rtires de la fe, hijo de R&iacute;o Grande, hombres y mujeres, j&oacute;venes y ni&ntilde;os. Por el Buen Pastor dieron su sangre, nuestra Iglesia en fiesta canta sus himnos&rdquo;.<\/p>\n<p style=\"text-align: justify\">\n\tEl nombre de protom&aacute;rtires les fue concedido por San Juan Pablo II el 13 de octubre de 1991 durante la Misa de Clausura del XII Congreso Eucar&iacute;stico en Natal.<\/p>\n<p style=\"text-align: justify\">\n\tLa historia de estos protom&aacute;rtires se remonta a los a&ntilde;os 1630 y 1654 cuando los holandeses calvinistas ocupaban los territorios del noreste de Brasil. En esa &eacute;poca quer&iacute;an obligar a los cat&oacute;licos a convertirse al calvinismo y prohibieron la celebraci&oacute;n de la Misa.<\/p>\n<p style=\"text-align: justify\">\n\tEn el a&ntilde;o 1645 los cat&oacute;licos de Engenho de Cunha&uacute; fueron martirizados violentamente durante la celebraci&oacute;n de la Eucarist&iacute;a. Tres meses despu&eacute;s sucedi&oacute; lo mismo en Urua&ccedil;u, pero el martirio fue m&aacute;s cruel.<\/p>\n<p style=\"text-align: justify\">\n\tSeg&uacute;n cuenta la tradici&oacute;n, a Mateus Moreira le arrancaron el coraz&oacute;n por la espalda y antes de morir grit&oacute;: &ldquo;&iexcl;Alabado sea el Sant&iacute;simo Sacramento!&rdquo;.<\/p>\n<p style=\"text-align: justify\">\n\tLos sacerdotes Andrea Soveral y Ambrogio Francesco Ferro, Mateus Moreira y los otros 27 m&aacute;rtires fueron beatificados por San Juan Pablo II el 5 de marzo del a&ntilde;o 2000.<\/p>\n<p style=\"text-align: justify\">\n\tTraducido por Mar&iacute;a Ximena Rond&oacute;n. Publicado originalmente en ACI Digital.<\/p>\n<p style=\"text-align: justify\">\n\tTambi&eacute;n te puede interesar:<\/p>\n<p style=\"text-align: justify\">\n\t\tLos Ni&ntilde;os M&aacute;rtires de Tlaxcala en M&eacute;xico ser&aacute;n canonizados https:\/\/t.co\/KHhyqMciQ6<\/p>\n<p>\t&mdash; ACI Prensa (@aciprensa) 23 de marzo de 2017<\/p>\n","protected":false},"excerpt":{"rendered":"<p>R\u00cdO DE JANEIRO, 23 Mar. 17 (ACI).- El Papa Francisco aprob&oacute; hoy la canonizaci&oacute;n de los protom&aacute;rtires de Brasil, los sacerdotes Andrea Soveral y Ambrogio Francesco Ferro, el laico Mateus Moreira y otros 27 compa&ntilde;eros m&aacute;rtires. Seg&uacute;n inform&oacute; la Sala de Prensa de la Santa Sede, el Pont&iacute;fice aprob&oacute; &ldquo;los votos favorables de la Sesi&oacute;n &hellip; <a href=\"https:\/\/www.biblia.work\/noticias\/papa-francisco-aprueba-canonizacion-de-los-protomartires-de-brasil\/\" class=\"more-link\">Continuar leyendo<span class=\"screen-reader-text\"> \u00abPapa Francisco aprueba canonizaci\u00f3n de los protom\u00e1rtires de Brasil\u00bb<\/span><\/a><\/p>\n","protected":false},"author":1,"featured_media":0,"comment_status":"open","ping_status":"closed","sticky":false,"template":"","format":"standard","meta":{"footnotes":""},"categories":[1],"tags":[],"class_list":["post-13027","post","type-post","status-publish","format-standard","hentry","category-general"],"_links":{"self":[{"href":"https:\/\/www.biblia.work\/noticias\/wp-json\/wp\/v2\/posts\/13027","targetHints":{"allow":["GET"]}}],"collection":[{"href":"https:\/\/www.biblia.work\/noticias\/wp-json\/wp\/v2\/posts"}],"about":[{"href":"https:\/\/www.biblia.work\/noticias\/wp-json\/wp\/v2\/types\/post"}],"author":[{"embeddable":true,"href":"https:\/\/www.biblia.work\/noticias\/wp-json\/wp\/v2\/users\/1"}],"replies":[{"embeddable":true,"href":"https:\/\/www.biblia.work\/noticias\/wp-json\/wp\/v2\/comments?post=13027"}],"version-history":[{"count":0,"href":"https:\/\/www.biblia.work\/noticias\/wp-json\/wp\/v2\/posts\/13027\/revisions"}],"wp:attachment":[{"href":"https:\/\/www.biblia.work\/noticias\/wp-json\/wp\/v2\/media?parent=13027"}],"wp:term":[{"taxonomy":"category","embeddable":true,"href":"https:\/\/www.biblia.work\/noticias\/wp-json\/wp\/v2\/categories?post=13027"},{"taxonomy":"post_tag","embeddable":true,"href":"https:\/\/www.biblia.work\/noticias\/wp-json\/wp\/v2\/tags?post=13027"}],"curies":[{"name":"wp","href":"https:\/\/api.w.org\/{rel}","templated":true}]}}