{"id":13028,"date":"2017-03-24T03:15:02","date_gmt":"2017-03-24T08:15:02","guid":{"rendered":"http:\/\/www.biblia.work\/noticias\/vigilia-de-oracion-en-roma-por-los-60-anos-del-inicio-de-la-union-europea\/"},"modified":"2017-03-24T03:15:02","modified_gmt":"2017-03-24T08:15:02","slug":"vigilia-de-oracion-en-roma-por-los-60-anos-del-inicio-de-la-union-europea","status":"publish","type":"post","link":"https:\/\/www.biblia.work\/noticias\/vigilia-de-oracion-en-roma-por-los-60-anos-del-inicio-de-la-union-europea\/","title":{"rendered":"Vigilia de oraci\u00f3n en Roma por los 60 a\u00f1os del inicio de la Uni\u00f3n Europea"},"content":{"rendered":"<p style=\"text-align: justify\">(ZENIT &#8211; Roma).- El 24 de marzo de 2017, en v\u00edsperas del 60\u00ba aniversario de los Tratados de Roma, una Vigilia de oraci\u00f3n promovida por la red de Comunidades y Movimientos cristianos \u201cJuntos por Europa\u201d<\/p>\n<p style=\"text-align: justify\"><span lang=\"es-ES\">Los jefes de Estado y de gobierno de la Uni\u00f3n Europea se reunir\u00e1n en Roma para conmemorar los sesenta a\u00f1os de la firma de los Tratados de Roma, inicio de la aventura europea de integraci\u00f3n que re\u00fane hoy a m\u00e1s de la mitad de los Estados que conforman el continente.<\/span><\/p>\n<p style=\"text-align: justify\"><span lang=\"es-ES\">Hoy 24 de marzo, v\u00edspera de la fecha del aniversario, los recibe el papa Francisco. Por la tarde a las 19:30, entre las numerosas iniciativas programadas para esas jornadas, \u201cJuntos por Europa\u201d promueve una Vigilia de oraci\u00f3n ecum\u00e9nica en la bas\u00edlica de los Santos Ap\u00f3stoles, cerca de la Colina Capitolina.<\/span><\/p>\n<p style=\"text-align: justify\"><span lang=\"es-ES\">Intervendr\u00e1n el cardenal Kurt Koch, presidente del Pontificio Consejo para la Promoci\u00f3n de la Unidad de los Cristianos, el Obispo Nunzio Galantino, secretario general de la Conferencia Episcopal Italiana, Andrea Riccardi, historiador y fundador de la Comunidad de San Egidio y Gerhard Pross, actual moderador de \u201cJuntos por Europa\u201d. <\/span><\/p>\n<p style=\"text-align: justify\"><span lang=\"es-ES\">Animar\u00e1n la celebraci\u00f3n un coro ortodoxo y uno compuesto para la ocasi\u00f3n por los Movimientos y Comunidades de \u201cJuntos por Europa\u201d presentes en Roma. Una Vigilia que ser\u00e1 replicada, con id\u00e9nticos objetivos, en otras 34 ciudades europeas, de Lisboa a Szeged, de Bruselas a Matera.<\/span><\/p>\n<p style=\"text-align: justify\"><span lang=\"es-ES\">La finalidad de la iniciativa es testimoniar que comuni\u00f3n, reconciliaci\u00f3n y unidad son posibles entre los pueblos del continente. Lo demuestra el camino recorrido desde la posguerra hasta hoy, con las m\u00faltiples realidades que han surgido a nivel europeo, impensables durante siglos y acarreadoras de paz, de visi\u00f3n de un destino com\u00fan y de prosperidad.\u00a0<\/span><\/p>\n<p style=\"text-align: justify\"><span lang=\"es-ES\">Testigo de todo esto es tambi\u00e9n \u201cJuntos por Europa\u201d, una red de Comunidades y Movimientos cristianos de varias Iglesias &#8211;m\u00e1s de 300 difundidos en todo el continente&#8211; que, tan varios como son las culturas, las lenguas y las regiones de Europa. Entre ellos se encuentra el Movimiento de los Focolares, que es, junto con otros, su promotor desde el inicio, la Comunidad de San Egidio, Schoenstat y tantos otros.<\/span><\/p>\n<p style=\"text-align: justify\"><span lang=\"es-ES\">En una mesa redonda organizada por el Consejo Ecum\u00e9nico de las Iglesias y por el Movimiento de los Focolares, Pasquale Ferrara, embajador de Italia en Argelia, sostuvo que hoy en Europa, m\u00e1s que hablar de referencias a las propias ra\u00edces cristianas, es necesario producir juntos \u00abfrutos cristianos\u00bb. Y presentar, como parte de la soluci\u00f3n, \u00abla \u201cregla de oro\u201d, que nos invita a hacer a los dem\u00e1s lo que nos gustar\u00eda nos hicieran a nosotros mismos\u00bb. Dicha regla \u2013 afirm\u00f3 Ferrara \u2013 \u00abno expresa s\u00f3lo un valor \u00e9tico, sino que asume una dimensi\u00f3n pol\u00edtica, en cuanto nos impulsa a replantear la naturaleza y el car\u00e1cter de la comunidad pol\u00edtica\u00bb<span style=\"font-size: 13.3333px\">.<\/span><\/span><\/p>\n<p style=\"text-align: justify\">\u201c<span lang=\"es-ES\">Juntos por Europa\u201d se revela como uno de los sujetos capaces de interpretar esta dimensi\u00f3n, inspirando y motivando a personas de distintas generaciones y comunidades, pertenecientes a los pueblos de Europa de forma transversal, para que encarnen en lo cotidiano los valores de justicia, acogida, paz. Un importante hito para poner en marcha aquella \u00abEuropa familia de pueblos\u00bb que, en las palabras del papa Francisco en ocasi\u00f3n de la entrega del Premio Carlo Magno, es \u00abcapaz de dar a luz un nuevo humanismo basado en tres capacidades: la capacidad de integrar, capacidad de comunicaci\u00f3n y la capacidad de generar\u00bb.<\/span><\/p>\n<div id=\"sdfootnote2\"><\/div>\n<p><span class=\"et_bloom_bottom_trigger\"><\/span><\/p>\n<p><a href=\"https:\/\/es.zenit.org\/\" target=\"_blank\" rel=\"nofollow\">Fuente: es.zenit.org<\/a><\/p>\n","protected":false},"excerpt":{"rendered":"<p>(ZENIT &#8211; Roma).- El 24 de marzo de 2017, en v\u00edsperas del 60\u00ba aniversario de los Tratados de Roma, una Vigilia de oraci\u00f3n promovida por la red de Comunidades y Movimientos cristianos \u201cJuntos por Europa\u201d Los jefes de Estado y de gobierno de la Uni\u00f3n Europea se reunir\u00e1n en Roma para conmemorar los sesenta a\u00f1os &hellip; <a href=\"https:\/\/www.biblia.work\/noticias\/vigilia-de-oracion-en-roma-por-los-60-anos-del-inicio-de-la-union-europea\/\" class=\"more-link\">Continuar leyendo<span class=\"screen-reader-text\"> \u00abVigilia de oraci\u00f3n en Roma por los 60 a\u00f1os del inicio de la Uni\u00f3n Europea\u00bb<\/span><\/a><\/p>\n","protected":false},"author":1,"featured_media":0,"comment_status":"open","ping_status":"closed","sticky":false,"template":"","format":"standard","meta":{"footnotes":""},"categories":[1],"tags":[],"class_list":["post-13028","post","type-post","status-publish","format-standard","hentry","category-general"],"_links":{"self":[{"href":"https:\/\/www.biblia.work\/noticias\/wp-json\/wp\/v2\/posts\/13028","targetHints":{"allow":["GET"]}}],"collection":[{"href":"https:\/\/www.biblia.work\/noticias\/wp-json\/wp\/v2\/posts"}],"about":[{"href":"https:\/\/www.biblia.work\/noticias\/wp-json\/wp\/v2\/types\/post"}],"author":[{"embeddable":true,"href":"https:\/\/www.biblia.work\/noticias\/wp-json\/wp\/v2\/users\/1"}],"replies":[{"embeddable":true,"href":"https:\/\/www.biblia.work\/noticias\/wp-json\/wp\/v2\/comments?post=13028"}],"version-history":[{"count":0,"href":"https:\/\/www.biblia.work\/noticias\/wp-json\/wp\/v2\/posts\/13028\/revisions"}],"wp:attachment":[{"href":"https:\/\/www.biblia.work\/noticias\/wp-json\/wp\/v2\/media?parent=13028"}],"wp:term":[{"taxonomy":"category","embeddable":true,"href":"https:\/\/www.biblia.work\/noticias\/wp-json\/wp\/v2\/categories?post=13028"},{"taxonomy":"post_tag","embeddable":true,"href":"https:\/\/www.biblia.work\/noticias\/wp-json\/wp\/v2\/tags?post=13028"}],"curies":[{"name":"wp","href":"https:\/\/api.w.org\/{rel}","templated":true}]}}