{"id":13029,"date":"2017-03-24T03:15:03","date_gmt":"2017-03-24T08:15:03","guid":{"rendered":"http:\/\/www.biblia.work\/noticias\/francisco-a-los-cuatro-anos\/"},"modified":"2017-03-24T03:15:03","modified_gmt":"2017-03-24T08:15:03","slug":"francisco-a-los-cuatro-anos","status":"publish","type":"post","link":"https:\/\/www.biblia.work\/noticias\/francisco-a-los-cuatro-anos\/","title":{"rendered":"Francisco a los cuatro a\u00f1os"},"content":{"rendered":"<p style=\"text-align: justify\">&nbsp;<\/p>\n<p align=\"JUSTIFY\"><span style=\"color: #000000\"><span style=\"font-family: 'Times New Roman', serif\"><span style=\"font-size: large\"><b>VER<\/b><\/span><\/span><\/span><\/p>\n<p align=\"JUSTIFY\"><span style=\"font-family: 'Times New Roman', serif\"><span style=\"font-size: large\"><span style=\"color: #000000\">El Papa Francisco acaba de cumplir cuatro a\u00f1os de su servicio en la c\u00e1tedra de Pedro. Me regalaron un voluminoso libro, <\/span><span style=\"color: #000000\"><i>El gran Reformador, <\/i><\/span><span style=\"color: #000000\">en que el autor, Austen Ivereigh, trata de hacer el <\/span><span style=\"color: #000000\"><i>retrato de un Papa radical.<\/i><\/span><span style=\"color: #000000\"> Afirma en el Ep\u00edlogo: <\/span><span style=\"color: #000000\"><i>\u201cEl que recurre a las ra\u00edces es un radical (del lat\u00edn <\/i><\/span><span style=\"color: #000000\">radicalis, <\/span><span style=\"color: #000000\"><i>que forma la ra\u00edz). El radicalismo de Francisco nace de su extraordinaria identificaci\u00f3n con Jes\u00fas tras una vida de inmersi\u00f3n total en el Evangelio y en la oraci\u00f3n m\u00edstica. Esa identificaci\u00f3n le lleva a querer simplificar, centrar, aumentar las ocasiones de despejar el camino para que Dios act\u00fae. Ello conduce a un tipo de liderazgo din\u00e1mico, desconcertante, que si bien hace las delicias de la mayor\u00eda de los cat\u00f3licos y atrae a las personas m\u00e1s all\u00e1 de las fronteras de la fe, ha escandalizado y desconcertado a diversos \u2018partidos\u2019 dentro de la Iglesia. Un radical puede resultar profundamente atractivo, pero jam\u00e1s podr\u00e1 gustar a todo el mundo\u201d.<\/i><\/span><\/span><\/span><\/p>\n<p align=\"JUSTIFY\"><span style=\"font-family: 'Times New Roman', serif\"><span style=\"font-size: large\"><span style=\"color: #000000\">Por lo contrario, en el diario espa\u00f1ol <\/span><span style=\"color: #000000\"><i>El Pa\u00eds, <\/i><\/span><span style=\"color: #000000\">un comentarista critica acremente al Papa, diciendo que no ha hecho ninguna reforma y que es pura apariencia, algo as\u00ed como un populismo religioso. Dice que, por ejemplo, nada ha hecho para que las mujeres puedan ser sacerdotes; que no ha abierto la puerta plenamente para dar la comuni\u00f3n a divorciados vueltos a casar; que no acepta los \u201cmatrimonios\u201d de personas del mismo sexo, ni el aborto, ni legitima las pr\u00e1cticas homosexuales, etc. <\/span><\/span><\/span><\/p>\n<p align=\"JUSTIFY\"><span style=\"color: #000000\"><span style=\"font-family: 'Times New Roman', serif\"><span style=\"font-size: large\"><b>PENSAR<\/b><\/span><\/span><\/span><\/p>\n<p align=\"JUSTIFY\"><span style=\"font-family: 'Times New Roman', serif\"><span style=\"font-size: large\"><span style=\"color: #000000\">Es claro que el Papa no puede cambiar el Evangelio, pues no es su due\u00f1o, sino su servidor. Si el Papa cediera en todo lo que el mundo busca, ese <\/span><span style=\"color: #000000\"><i>mundo <\/i><\/span><span style=\"color: #000000\">condenado por Jes\u00fas, traicionar\u00eda su misi\u00f3n; ser\u00eda un anti-papa, un lobo vestido de blanco. Que nadie espere ese tipo de reformas; eso no es volver a las ra\u00edces, sino destrozarlas; eso no ser\u00eda una reforma, sino una debacle. Afortunadamente, el Papa Francisco sabe lo que puede y lo que no puede hacer. Tenemos plena confianza en su elecci\u00f3n. El hecho de insistir en que la Iglesia debe ser una casa y una familia llena de misericordia, es para que hagamos llegar el amor misericordioso de Dios a tantas personas que sufren y que han sido condenadas y excluidas, no para legitimar lo que no es legitimable.<\/span><\/span><\/span><\/p>\n<p align=\"JUSTIFY\"><span style=\"font-family: 'Times New Roman', serif\"><span style=\"font-size: large\"><span style=\"color: #000000\">Resalto s\u00f3lo un punto en que m\u00e1s insiste: ser una Iglesia pobre, con y para los pobres. Lo dijo desde el principio y lo repite<\/span><span style=\"color: #000000\"><i> con oportunidad o sin ella.<\/i><\/span><span style=\"color: #000000\"> Y no es discurso, sino pr\u00e1ctica, obras, estilo de vida. Es uno de los aportes de la Iglesia latinoamericana, que a muchos europeos desconcierta y molesta, acostumbrados como est\u00e1n a un confort de vida que les impide ver hacia abajo. Y como condena, por activa y por pasiva, la idolatr\u00eda del dinero de este sistema econ\u00f3mico, quienes viven y se benefician de \u00e9l, lo rechazan tajantemente; les revuelve el est\u00f3mago, porque les hace ver su ego\u00edsmo y los mecanismos injustos en que se apoya su capital.<\/span><\/span><\/span><\/p>\n<p align=\"JUSTIFY\"><span style=\"font-family: 'Times New Roman', serif\"><span style=\"font-size: large\"><span style=\"color: #000000\">Dice en Evangelii gaudium: <\/span><span style=\"color: #000000\"><i>\u201cSi la Iglesia entera asume este dinamismo misionero, debe llegar a todos, sin excepciones. Pero \u00bfa qui\u00e9nes deber\u00eda privilegiar? Cuando uno lee el Evangelio, se encuentra con una orientaci\u00f3n contundente: no tanto a los amigos y vecinos ricos, sino sobre todo a los pobres y enfermos, a esos que suelen ser despreciados y olvidados. No deben quedar dudas ni caben explicaciones que debiliten este mensaje tan claro. Hoy y siempre, los pobres son los destinatarios privilegiados del Evangelio,\u00a0y la evangelizaci\u00f3n dirigida gratuitamente a ellos es signo del Reino que Jes\u00fas vino a traer. Hay que decir sin vueltas que existe un v\u00ednculo inseparable entre nuestra fe y los pobres. Nunca los dejemos solos\u201d (48). \u201cDe nuestra fe en Cristo hecho pobre, y siempre cercano a los pobres y excluidos, brota la preocupaci\u00f3n por el desarrollo integral de los m\u00e1s abandonados de la sociedad\u201d (186).<\/i><\/span><\/span><\/span><\/p>\n<p align=\"JUSTIFY\"><span style=\"color: #000000\">\u201c<span style=\"font-family: 'Times New Roman', serif\"><span style=\"font-size: large\"><i>Es un mensaje tan claro, tan directo, tan simple y elocuente, que ninguna hermen\u00e9utica eclesial tiene derecho a relativizarlo. \u00bfPara qu\u00e9 complicar lo que es tan simple? \u00bfPara qu\u00e9 oscurecer lo que es tan claro?\u201d (194). \u201cPara la Iglesia la opci\u00f3n por los pobres es una categor\u00eda teol\u00f3gica antes que cultural, sociol\u00f3gica, pol\u00edtica o filos\u00f3fica. Inspirada en ella, la Iglesia hizo una\u00a0opci\u00f3n por los pobres\u00a0entendida como una forma especial de primac\u00eda en el ejercicio de la caridad cristiana, de la cual da testimonio toda la tradici\u00f3n de la Iglesia.\u00a0Esta opci\u00f3n \u2013ense\u00f1aba Benedicto XVI\u2013 \u00abest\u00e1 impl\u00edcita en la fe cristol\u00f3gica en aquel Dios que se ha hecho pobre por nosotros, para enriquecernos con su pobreza\u00bb.\u00a0Por eso quiero una Iglesia pobre para los pobres\u201d (198).<\/i><\/span><\/span><\/span><\/p>\n<p align=\"JUSTIFY\"><span style=\"color: #000000\"><span style=\"font-family: 'Times New Roman', serif\"><span style=\"font-size: large\"><b>ACTUAR<\/b><\/span><\/span><\/span><\/p>\n<p align=\"JUSTIFY\"><span style=\"font-family: 'Times New Roman', serif\"><span style=\"font-size: large\"><span style=\"color: #000000\">Pidamos al Esp\u00edritu Santo que ilumine y fortalezca al Papa, y procuremos conocer y asumir lo que Dios nos est\u00e1 pidiendo por su mediaci\u00f3n.<\/span><\/span><\/span><\/p>\n<p><span class=\"et_bloom_bottom_trigger\"><\/span><\/p>\n<p><a href=\"https:\/\/es.zenit.org\/\" target=\"_blank\" rel=\"nofollow\">Fuente: es.zenit.org<\/a><\/p>\n","protected":false},"excerpt":{"rendered":"<p>&nbsp; VER El Papa Francisco acaba de cumplir cuatro a\u00f1os de su servicio en la c\u00e1tedra de Pedro. Me regalaron un voluminoso libro, El gran Reformador, en que el autor, Austen Ivereigh, trata de hacer el retrato de un Papa radical. Afirma en el Ep\u00edlogo: \u201cEl que recurre a las ra\u00edces es un radical (del &hellip; <a href=\"https:\/\/www.biblia.work\/noticias\/francisco-a-los-cuatro-anos\/\" class=\"more-link\">Continuar leyendo<span class=\"screen-reader-text\"> \u00abFrancisco a los cuatro a\u00f1os\u00bb<\/span><\/a><\/p>\n","protected":false},"author":1,"featured_media":0,"comment_status":"open","ping_status":"closed","sticky":false,"template":"","format":"standard","meta":{"footnotes":""},"categories":[1],"tags":[],"class_list":["post-13029","post","type-post","status-publish","format-standard","hentry","category-general"],"_links":{"self":[{"href":"https:\/\/www.biblia.work\/noticias\/wp-json\/wp\/v2\/posts\/13029","targetHints":{"allow":["GET"]}}],"collection":[{"href":"https:\/\/www.biblia.work\/noticias\/wp-json\/wp\/v2\/posts"}],"about":[{"href":"https:\/\/www.biblia.work\/noticias\/wp-json\/wp\/v2\/types\/post"}],"author":[{"embeddable":true,"href":"https:\/\/www.biblia.work\/noticias\/wp-json\/wp\/v2\/users\/1"}],"replies":[{"embeddable":true,"href":"https:\/\/www.biblia.work\/noticias\/wp-json\/wp\/v2\/comments?post=13029"}],"version-history":[{"count":0,"href":"https:\/\/www.biblia.work\/noticias\/wp-json\/wp\/v2\/posts\/13029\/revisions"}],"wp:attachment":[{"href":"https:\/\/www.biblia.work\/noticias\/wp-json\/wp\/v2\/media?parent=13029"}],"wp:term":[{"taxonomy":"category","embeddable":true,"href":"https:\/\/www.biblia.work\/noticias\/wp-json\/wp\/v2\/categories?post=13029"},{"taxonomy":"post_tag","embeddable":true,"href":"https:\/\/www.biblia.work\/noticias\/wp-json\/wp\/v2\/tags?post=13029"}],"curies":[{"name":"wp","href":"https:\/\/api.w.org\/{rel}","templated":true}]}}