{"id":13031,"date":"2017-03-24T06:05:03","date_gmt":"2017-03-24T11:05:03","guid":{"rendered":"http:\/\/www.biblia.work\/noticias\/diocesis-espanolas-celebraran-jornada-de-oracion-24-horas-para-el-senor\/"},"modified":"2017-03-24T06:05:03","modified_gmt":"2017-03-24T11:05:03","slug":"diocesis-espanolas-celebraran-jornada-de-oracion-24-horas-para-el-senor","status":"publish","type":"post","link":"https:\/\/www.biblia.work\/noticias\/diocesis-espanolas-celebraran-jornada-de-oracion-24-horas-para-el-senor\/","title":{"rendered":"Di\u00f3cesis espa\u00f1olas celebrar\u00e1n jornada de oraci\u00f3n \u201c24 horas para el Se\u00f1or\u201d"},"content":{"rendered":"<p> MADRID, 24 Mar. 17 (ACI).-<br \/>\n\tLa Iglesia en Espa&ntilde;a se une a la jornada de oraci&oacute;n &ldquo;24 horas para el Se&ntilde;or&rdquo; convocada por el Papa Francisco para los d&iacute;as 24 y 25 de marzo, y organizada por el Pontificio Consejo para la Promoci&oacute;n de la Nueva Evangelizaci&oacute;n bajo el lema &ldquo;Misericordia Quiero&rdquo;.<\/p>\n<p style=\"text-align: justify\">\n\tDesde la Conferencia Episcopal Espa&ntilde;ola (CEE) han se&ntilde;alado que esta jornada de oraci&oacute;n se convoca en la v&iacute;spera del IV domingo de Cuaresma, para el que han facilitado material para la oraci&oacute;n y reflexi&oacute;n. &nbsp;<\/p>\n<p style=\"text-align: justify\">\n\t&ldquo;La di&oacute;cesis de San Sebasti&aacute;n acoge de nuevo la invitaci&oacute;n que el Papa Francisco nos hace: la iniciativa 24 horas para el Se&ntilde;or, que nos ofrece un espacio de oraci&oacute;n y la posibilidad de la confesi&oacute;n y la adoraci&oacute;n eucar&iacute;stica&rdquo;, aseguran en la web de la Di&oacute;cesis de San Sebasti&aacute;n.<\/p>\n<p style=\"text-align: justify\">\n\tLa catedral del Buen Pastor permanecer&aacute; abierta desde las 7:00 p.m. del viernes y se dar&aacute; inicio a la jornada de oraci&oacute;n con la celebraci&oacute;n de la Santa Misa presidida por Mons. Jos&eacute; Ignacio Munilla, Obispo de San Sebasti&aacute;n.<\/p>\n<p style=\"text-align: justify\">\n\tEl Sant&iacute;simo quedar&aacute; expuesto durante toda la noche en una capilla lateral de la catedral. El s&aacute;bado 25 de marzo las Hermanas de Mar&iacute;a Stella Matutina dirigir&aacute;n una vigilia de oraci&oacute;n durante unas horas y, posteriormente, continuar&aacute; el servicio diocesano de Pastoral de Matrimonio, Familia y Vida.<\/p>\n<p style=\"text-align: justify\">\n\tEn la Archidi&oacute;cesis de Santiago de Compostela (Espa&ntilde;a), el Arzobispo Mons. Juli&aacute;n Barrio, ha invitado a todos los fieles a &ldquo;unirse a esta iniciativa&rdquo;. El Prelado record&oacute; &ldquo;la importancia del Sacramento de la Reconciliaci&oacute;n&rdquo; y asegur&oacute; que esta jornada puede ser &ldquo;una ocasi&oacute;n propicia&rdquo; para recibirlo.<\/p>\n<p style=\"text-align: justify\">\n\tEn la ciudad de Santiago de Compostela esta jornada se celebrar&aacute; en varias parroquias y, adem&aacute;s, el viernes 24 el Arzobispo presidir&aacute; una vigilia de oraci&oacute;n por la Vida.<\/p>\n<p style=\"text-align: justify\">\n\tDesde la Archidi&oacute;cesis de Granada tambi&eacute;n han animado a unirse esta iniciativa. En un comunicado han recordado que &ldquo;muchos templos de la di&oacute;cesis permanecer&aacute;n abiertos para las confesiones y la Adoraci&oacute;n Eucar&iacute;stica&rdquo;. Se trata de una ocasi&oacute;n &ldquo;para renovar el encuentro con Cristo vivo en su Palabra, en los sacramentos y en el pr&oacute;jimo&rdquo;, afirmaron.<\/p>\n<p style=\"text-align: justify\">\n\tMons. Juan Jos&eacute; Asenjo, Arzobispo de la Archidi&oacute;cesis de Sevilla envi&oacute; una carta en la que ped&iacute;a a los sacerdotes y religiosos a participar de manera activa en la iniciativa manteniendo al Sant&iacute;simo expuesto el mayor tiempo posible y estando disponibles para la confesi&oacute;n.<\/p>\n<p style=\"text-align: justify\">\n\tNumerosas parroquias de la Archidi&oacute;cesis de Madrid tambi&eacute;n participar&aacute;n de esta jornada de oraci&oacute;n. Por ejemplo, el viernes 24 de marzo la parroquia de San Alfonso Mar&iacute;a de Ligorio celebrar&aacute; un retiro cuaresmal y, posteriormente, se dejar&aacute; expuesto al Sant&iacute;simo Sacramento para su adoraci&oacute;n. Habr&aacute; sacerdotes confesando de manera ininterrumpida hasta el s&aacute;bado 25 de marzo a las 7:00 p.m.<\/p>\n<p style=\"text-align: justify\">\n\tEn la Di&oacute;cesis de Albacete esta jornada se iniciar&aacute; con una Misa a las 8:00 p.m. en la Catedral y en ella habr&aacute; sacerdotes confesando durante las 24 horas. Seg&uacute;n precisan, la Misa de clausura de esta jornada de oraci&oacute;n se ofrecer&aacute; especialmente por la Vida y tendr&aacute; lugar el s&aacute;bado 25 de marzo.<\/p>\n<p style=\"text-align: justify\">\n\tEl Obispo de la Di&oacute;cesis de C&oacute;rdoba, Mons. Demetrio Fern&aacute;ndez, ha pedido que todos los templos parroquiales permanezcan abiertos para la Adoraci&oacute;n Eucar&iacute;stica y las confesiones.<\/p>\n<p style=\"text-align: justify\">\n\tTambi&eacute;n en la Archidi&oacute;cesis de Valladolid varias iglesias estar&aacute;n abiertas para las 24 horas para el Se&ntilde;or. Entre ellas la Bas&iacute;lica Santuario Nacional de la Gran Promesa que iniciar&aacute; la jornada a las 6:00 p.m. con un acto penitencial y finalizar&aacute; el 25 de marzo con la celebraci&oacute;n de la Eucarist&iacute;a. Tambi&eacute;n se organizar&aacute;n turnos para cubrir toda la jornada de exposici&oacute;n del Sant&iacute;simo y los confesores estar&aacute;n disponibles para administrar el sacramento del Perd&oacute;n.<\/p>\n<p style=\"text-align: justify\">\n\tTambi&eacute;n te puede interesar:<\/p>\n<p style=\"text-align: justify\">\n\t\t24 horas para el Se&ntilde;or: Una oportunidad para abrirse a la misericordia de Dios https:\/\/t.co\/fHdbNAmVKt<\/p>\n<p>\t&mdash; ACI Prensa (@aciprensa) 14 de marzo de 2017<\/p>\n","protected":false},"excerpt":{"rendered":"<p>MADRID, 24 Mar. 17 (ACI).- La Iglesia en Espa&ntilde;a se une a la jornada de oraci&oacute;n &ldquo;24 horas para el Se&ntilde;or&rdquo; convocada por el Papa Francisco para los d&iacute;as 24 y 25 de marzo, y organizada por el Pontificio Consejo para la Promoci&oacute;n de la Nueva Evangelizaci&oacute;n bajo el lema &ldquo;Misericordia Quiero&rdquo;. Desde la Conferencia &hellip; <a href=\"https:\/\/www.biblia.work\/noticias\/diocesis-espanolas-celebraran-jornada-de-oracion-24-horas-para-el-senor\/\" class=\"more-link\">Continuar leyendo<span class=\"screen-reader-text\"> \u00abDi\u00f3cesis espa\u00f1olas celebrar\u00e1n jornada de oraci\u00f3n \u201c24 horas para el Se\u00f1or\u201d\u00bb<\/span><\/a><\/p>\n","protected":false},"author":1,"featured_media":0,"comment_status":"open","ping_status":"closed","sticky":false,"template":"","format":"standard","meta":{"footnotes":""},"categories":[1],"tags":[],"class_list":["post-13031","post","type-post","status-publish","format-standard","hentry","category-general"],"_links":{"self":[{"href":"https:\/\/www.biblia.work\/noticias\/wp-json\/wp\/v2\/posts\/13031","targetHints":{"allow":["GET"]}}],"collection":[{"href":"https:\/\/www.biblia.work\/noticias\/wp-json\/wp\/v2\/posts"}],"about":[{"href":"https:\/\/www.biblia.work\/noticias\/wp-json\/wp\/v2\/types\/post"}],"author":[{"embeddable":true,"href":"https:\/\/www.biblia.work\/noticias\/wp-json\/wp\/v2\/users\/1"}],"replies":[{"embeddable":true,"href":"https:\/\/www.biblia.work\/noticias\/wp-json\/wp\/v2\/comments?post=13031"}],"version-history":[{"count":0,"href":"https:\/\/www.biblia.work\/noticias\/wp-json\/wp\/v2\/posts\/13031\/revisions"}],"wp:attachment":[{"href":"https:\/\/www.biblia.work\/noticias\/wp-json\/wp\/v2\/media?parent=13031"}],"wp:term":[{"taxonomy":"category","embeddable":true,"href":"https:\/\/www.biblia.work\/noticias\/wp-json\/wp\/v2\/categories?post=13031"},{"taxonomy":"post_tag","embeddable":true,"href":"https:\/\/www.biblia.work\/noticias\/wp-json\/wp\/v2\/tags?post=13031"}],"curies":[{"name":"wp","href":"https:\/\/api.w.org\/{rel}","templated":true}]}}