{"id":13037,"date":"2017-03-24T09:15:02","date_gmt":"2017-03-24T14:15:02","guid":{"rendered":"http:\/\/www.biblia.work\/noticias\/el-pesame-del-pontifice-por-la-muerte-del-cardenal-keeler-promotor-del-dialogo-con-los-judios\/"},"modified":"2017-03-24T09:15:02","modified_gmt":"2017-03-24T14:15:02","slug":"el-pesame-del-pontifice-por-la-muerte-del-cardenal-keeler-promotor-del-dialogo-con-los-judios","status":"publish","type":"post","link":"https:\/\/www.biblia.work\/noticias\/el-pesame-del-pontifice-por-la-muerte-del-cardenal-keeler-promotor-del-dialogo-con-los-judios\/","title":{"rendered":"El p\u00e9same del Pont\u00edfice por la muerte del cardenal Keeler, promotor del di\u00e1logo con los jud\u00edos"},"content":{"rendered":"<p style=\"text-align: justify\">(ZENIT \u2013 Ciudad del Vaticano, 24 Mar. 2017).- El santo padre Francisco envi\u00f3 un telegrama de p\u00e9same por el fallecimiento el d\u00eda de ayer 23 de marzo a los 85 a\u00f1os, del cardenal William Henry Keeler, arzobispo em\u00e9rito de Baltimore (Estados Unidos de Am\u00e9rica).<\/p>\n<p style=\"text-align: justify\">El purpurado fue muy activo en la promoci\u00f3n de un di\u00e1logo aut\u00e9ntico entre cat\u00f3licos y jud\u00edos, y particip\u00f3 como perito en los trabajos del Concilio Vaticano II.<\/p>\n<p style=\"text-align: justify\">Se empe\u00f1\u00f3 adem\u00e1s en la evangelizaci\u00f3n y educaci\u00f3n cat\u00f3lica, as\u00ed como en la defensa de la vida, de la familia y de los &#8216;sin techo&#8217;. El papa san Juan Pablo II lo elev\u00f3 a cardenal en el consistorio del 26 de noviembre de 1994.<\/p>\n<p style=\"text-align: justify\">\u201cProfundamente entristecido al saber de la muerte del cardenal William H. Keeler, le doy mi m\u00e1s sentido p\u00e9same a usted y al clero, a los religiosos y a los fieles laicos de la arquidi\u00f3cesis\u201d, escribe el papa Francisco al actual arzobispo de Baltimora, William Edward Lori.<\/p>\n<p style=\"text-align: justify\">Expres\u00f3 adem\u00e1s su &#8216;gratitud&#8217; por los a\u00f1os \u201cde devota dedicaci\u00f3n del cardenal Keeler al episcopado, en las iglesias locales de Harrisburg y Baltimore, por sus a\u00f1os al frente de la Conferencia de Obispos Cat\u00f3licos de los Estados Unidos y por su compromiso de larga data con el di\u00e1logo ecum\u00e9nico e interreligioso\u201d.<\/p>\n<p style=\"text-align: justify\">Y concluye indicando: \u201cMe uno a vosotros para encomendar el alma de este sabio y amable pastor al amor misericordioso de Dios nuestro Padre celestial. A todos los que lloran al fallecido cardenal en la segura esperanza de la Resurrecci\u00f3n, imparto cordialmente mi bendici\u00f3n apost\u00f3lica como prenda de consolaci\u00f3n y paz en el Se\u00f1or\u201d.<\/p>\n<p><span class=\"et_bloom_bottom_trigger\"><\/span><\/p>\n<p><a href=\"https:\/\/es.zenit.org\/\" target=\"_blank\" rel=\"nofollow\">Fuente: es.zenit.org<\/a><\/p>\n","protected":false},"excerpt":{"rendered":"<p>(ZENIT \u2013 Ciudad del Vaticano, 24 Mar. 2017).- El santo padre Francisco envi\u00f3 un telegrama de p\u00e9same por el fallecimiento el d\u00eda de ayer 23 de marzo a los 85 a\u00f1os, del cardenal William Henry Keeler, arzobispo em\u00e9rito de Baltimore (Estados Unidos de Am\u00e9rica). El purpurado fue muy activo en la promoci\u00f3n de un di\u00e1logo &hellip; <a href=\"https:\/\/www.biblia.work\/noticias\/el-pesame-del-pontifice-por-la-muerte-del-cardenal-keeler-promotor-del-dialogo-con-los-judios\/\" class=\"more-link\">Continuar leyendo<span class=\"screen-reader-text\"> \u00abEl p\u00e9same del Pont\u00edfice por la muerte del cardenal Keeler, promotor del di\u00e1logo con los jud\u00edos\u00bb<\/span><\/a><\/p>\n","protected":false},"author":1,"featured_media":0,"comment_status":"open","ping_status":"closed","sticky":false,"template":"","format":"standard","meta":{"footnotes":""},"categories":[1],"tags":[],"class_list":["post-13037","post","type-post","status-publish","format-standard","hentry","category-general"],"_links":{"self":[{"href":"https:\/\/www.biblia.work\/noticias\/wp-json\/wp\/v2\/posts\/13037","targetHints":{"allow":["GET"]}}],"collection":[{"href":"https:\/\/www.biblia.work\/noticias\/wp-json\/wp\/v2\/posts"}],"about":[{"href":"https:\/\/www.biblia.work\/noticias\/wp-json\/wp\/v2\/types\/post"}],"author":[{"embeddable":true,"href":"https:\/\/www.biblia.work\/noticias\/wp-json\/wp\/v2\/users\/1"}],"replies":[{"embeddable":true,"href":"https:\/\/www.biblia.work\/noticias\/wp-json\/wp\/v2\/comments?post=13037"}],"version-history":[{"count":0,"href":"https:\/\/www.biblia.work\/noticias\/wp-json\/wp\/v2\/posts\/13037\/revisions"}],"wp:attachment":[{"href":"https:\/\/www.biblia.work\/noticias\/wp-json\/wp\/v2\/media?parent=13037"}],"wp:term":[{"taxonomy":"category","embeddable":true,"href":"https:\/\/www.biblia.work\/noticias\/wp-json\/wp\/v2\/categories?post=13037"},{"taxonomy":"post_tag","embeddable":true,"href":"https:\/\/www.biblia.work\/noticias\/wp-json\/wp\/v2\/tags?post=13037"}],"curies":[{"name":"wp","href":"https:\/\/api.w.org\/{rel}","templated":true}]}}