{"id":13043,"date":"2017-03-24T10:15:02","date_gmt":"2017-03-24T15:15:02","guid":{"rendered":"http:\/\/www.biblia.work\/noticias\/cardenal-saraiva-seria-normal-que-los-dos-pastorcitos-sean-canonizados-en-fatima\/"},"modified":"2017-03-24T10:15:02","modified_gmt":"2017-03-24T15:15:02","slug":"cardenal-saraiva-seria-normal-que-los-dos-pastorcitos-sean-canonizados-en-fatima","status":"publish","type":"post","link":"https:\/\/www.biblia.work\/noticias\/cardenal-saraiva-seria-normal-que-los-dos-pastorcitos-sean-canonizados-en-fatima\/","title":{"rendered":"Cardenal Saraiva: ser\u00eda normal que los dos pastorcitos sean canonizados en F\u00e1tima"},"content":{"rendered":"<p style=\"text-align: justify\">(ZENIT \u2013 Roma, 24 Mar. 2017).- La canonizaci\u00f3n de los dos pastorcitos de F\u00e1tima, Francisco y Jacinta Marto, probablemente se realizar\u00e1 en el lugar de las apariciones el pr\u00f3ximo 13 de mayo. Es la opini\u00f3n del cardenal portugu\u00e9s, Jos\u00e9 Saraiva Martins, prefecto em\u00e9rito de la Congregaci\u00f3n para la Causa de los santos.<\/p>\n<p style=\"text-align: justify\">En una entrevista a la Agencia Ecclesia, el purpurado declara: \u201cNo ser\u00eda nada de extraordinario\u201d si la fecha fuera fijada por el pr\u00f3ximo consistorio fuera el 13 de mayo, y en el lugar de la Cova de Ir\u00eda, donde sucedieron las apariciones de la Nuestra Se\u00f1ora a los pastorcitos.<\/p>\n<p style=\"text-align: justify\">El Santo Padre de hecho estar\u00e1 en F\u00e1tima por el centenario de las apariciones marianas. \u201cPienso sea normal que el Papa aproveche de la visita a F\u00e1tima -indica el cardenal- para presidir la canonizaci\u00f3n de los dos pastorcitos, porque es el lugar m\u00e1s apropiado\u201d.<\/p>\n<p style=\"text-align: justify\">De acuerdo a las reglas las beatificaciones son celebradas en los pa\u00edses de pertenencia de las personas elevadas a los altares, en cambio las canonizaciones, como en el caso de los pastorcitos, suelen ser celebradas por el papa en San Pedro. En este caso es veros\u00edmil una excepci\u00f3n. El consistorio en el cual los cardenales dar\u00e1n el &#8216;placet&#8217; al Papa ser\u00e1 el 20 del mes de abril.<\/p>\n<h5>Leer tambi\u00e9n:<\/h5>\n<h5 class=\"entry-title\"><a target=\"_blank\" rel=\"nofollow\" href=\"https:\/\/es.zenit.org\/articles\/el-papa-autoriza-la-canonizacion-de-jacinta-y-francisco-marto-videntes-de-fatima\/\">El Papa aprueba los milagros que volver\u00e1n santos a Jacinta y Francisco Marto, videntes de F\u00e1tima<\/a><\/h5>\n<p><span class=\"et_bloom_bottom_trigger\"><\/span><\/p>\n<p><a href=\"https:\/\/es.zenit.org\/\" target=\"_blank\" rel=\"nofollow\">Fuente: es.zenit.org<\/a><\/p>\n","protected":false},"excerpt":{"rendered":"<p>(ZENIT \u2013 Roma, 24 Mar. 2017).- La canonizaci\u00f3n de los dos pastorcitos de F\u00e1tima, Francisco y Jacinta Marto, probablemente se realizar\u00e1 en el lugar de las apariciones el pr\u00f3ximo 13 de mayo. Es la opini\u00f3n del cardenal portugu\u00e9s, Jos\u00e9 Saraiva Martins, prefecto em\u00e9rito de la Congregaci\u00f3n para la Causa de los santos. En una entrevista &hellip; <a href=\"https:\/\/www.biblia.work\/noticias\/cardenal-saraiva-seria-normal-que-los-dos-pastorcitos-sean-canonizados-en-fatima\/\" class=\"more-link\">Continuar leyendo<span class=\"screen-reader-text\"> \u00abCardenal Saraiva: ser\u00eda normal que los dos pastorcitos sean canonizados en F\u00e1tima\u00bb<\/span><\/a><\/p>\n","protected":false},"author":1,"featured_media":0,"comment_status":"open","ping_status":"closed","sticky":false,"template":"","format":"standard","meta":{"footnotes":""},"categories":[1],"tags":[],"class_list":["post-13043","post","type-post","status-publish","format-standard","hentry","category-general"],"_links":{"self":[{"href":"https:\/\/www.biblia.work\/noticias\/wp-json\/wp\/v2\/posts\/13043","targetHints":{"allow":["GET"]}}],"collection":[{"href":"https:\/\/www.biblia.work\/noticias\/wp-json\/wp\/v2\/posts"}],"about":[{"href":"https:\/\/www.biblia.work\/noticias\/wp-json\/wp\/v2\/types\/post"}],"author":[{"embeddable":true,"href":"https:\/\/www.biblia.work\/noticias\/wp-json\/wp\/v2\/users\/1"}],"replies":[{"embeddable":true,"href":"https:\/\/www.biblia.work\/noticias\/wp-json\/wp\/v2\/comments?post=13043"}],"version-history":[{"count":0,"href":"https:\/\/www.biblia.work\/noticias\/wp-json\/wp\/v2\/posts\/13043\/revisions"}],"wp:attachment":[{"href":"https:\/\/www.biblia.work\/noticias\/wp-json\/wp\/v2\/media?parent=13043"}],"wp:term":[{"taxonomy":"category","embeddable":true,"href":"https:\/\/www.biblia.work\/noticias\/wp-json\/wp\/v2\/categories?post=13043"},{"taxonomy":"post_tag","embeddable":true,"href":"https:\/\/www.biblia.work\/noticias\/wp-json\/wp\/v2\/tags?post=13043"}],"curies":[{"name":"wp","href":"https:\/\/api.w.org\/{rel}","templated":true}]}}